{"id":7234,"date":"2023-11-23T22:46:22","date_gmt":"2023-11-23T22:46:22","guid":{"rendered":"https:\/\/new.findnews5.com\/?p=7234"},"modified":"2023-11-23T22:46:25","modified_gmt":"2023-11-23T22:46:25","slug":"del-dhe-emri-i-tij-ne-pergjime-berisha-akuza-taulant-balles-eshte-regjistruar-duke-porositur-vrasjen-e","status":"publish","type":"post","link":"https:\/\/new.findnews5.com\/?p=7234","title":{"rendered":"&#8220;Del dhe emri i tij n\u00eb p\u00ebrgjime&#8221;, Berisha akuza Taulant Ball\u00ebs: \u00cbsht\u00eb regjistruar duke porositur vrasjen e .."},"content":{"rendered":"<div class=\"78954ae5fa42b68c1393fe3da4998882\" data-index=\"1\" style=\"float: none; margin:0px 0 0px 0; text-align:center;\">\n<div data-type=\"_mgwidget\" data-widget-id=\"1576712\">\r\n<\/div>\r\n<script>(function(w,q){w[q]=w[q]||[];w[q].push([\"_mgc.load\"])})(window,\"_mgq\");\r\n<\/script>\r\n\n<\/div>\n<p>Ish-kryeministri Berisha ka ngritur akuza t\u00eb forta ndaj Ministrit t\u00eb Pun\u00ebve t\u00eb Brendshme, Taulant Balla duke th\u00ebn\u00eb se emri i tij ka dal\u00eb n\u00eb p\u00ebrgjime.<\/p>\n<p>I ftuar n\u00eb \u201cNowme Erla M\u00ebhillin\u201d, Sali Berisha u shpreh se Balla ka dal\u00eb n\u00eb p\u00ebrgjime kilometrike, t\u00eb cilat po p\u00ebrpiqet ti asgj\u00ebsoj\u00eb, por ato jan\u00eb edhe n\u00eb Franc\u00eb. Sipas  Berish\u00ebs n\u00eb ato p\u00ebrgjime del lidhja e ministrit me personazhe t\u00eb njohur t\u00eb bot\u00ebs s\u00eb krimit, si\u00e7 jan\u00eb Bajrajt.<\/p>\n<p>\u201cTaulant Balla \u00ebsht\u00eb i regjistruar duke nd\u00ebrsyer bandit\u00eb jasht\u00eb kund\u00ebr Sali Berish\u00ebs. Taulant Balla \u00ebsht\u00eb regjistruar nga prokuroria se ka porositur vrasje. N\u00ebse keni kuriozitet b\u00ebni nj\u00eb k\u00ebrkim, keni me dhjet\u00ebra artikuj p\u00ebr k\u00ebt\u00eb sepse tjetri ka deklaruar n\u00eb sall\u00ebn e gjyqit q\u00eb Taulant Balla, kur e mori vesh se Ravik Gura m\u00ebsoi se n\u00eb interceptime, kishte porositur vrasje, Ravik Gura u zhduk.<\/p>\n\n<div style=\"font-size: 0px; height: 0px; line-height: 0px; margin: 0; padding: 0; clear: both;\"><\/div>","protected":false},"excerpt":{"rendered":"<p>Ish-kryeministri Berisha ka ngritur akuza t\u00eb forta ndaj Ministrit t\u00eb Pun\u00ebve t\u00eb Brendshme, Taulant Balla duke th\u00ebn\u00eb se emri i tij ka dal\u00eb n\u00eb p\u00ebrgjime. I ftuar&#8230; <\/p>\n","protected":false},"author":1,"featured_media":7235,"comment_status":"open","ping_status":"open","sticky":false,"template":"","format":"standard","meta":{"footnotes":""},"categories":[6],"tags":[],"class_list":["post-7234","post","type-post","status-publish","format-standard","has-post-thumbnail","hentry","category-lajme"],"_links":{"self":[{"href":"https:\/\/new.findnews5.com\/index.php?rest_route=\/wp\/v2\/posts\/7234","targetHints":{"allow":["GET"]}}],"collection":[{"href":"https:\/\/new.findnews5.com\/index.php?rest_route=\/wp\/v2\/posts"}],"about":[{"href":"https:\/\/new.findnews5.com\/index.php?rest_route=\/wp\/v2\/types\/post"}],"author":[{"embeddable":true,"href":"https:\/\/new.findnews5.com\/index.php?rest_route=\/wp\/v2\/users\/1"}],"replies":[{"embeddable":true,"href":"https:\/\/new.findnews5.com\/index.php?rest_route=%2Fwp%2Fv2%2Fcomments&post=7234"}],"version-history":[{"count":0,"href":"https:\/\/new.findnews5.com\/index.php?rest_route=\/wp\/v2\/posts\/7234\/revisions"}],"wp:featuredmedia":[{"embeddable":true,"href":"https:\/\/new.findnews5.com\/index.php?rest_route=\/wp\/v2\/media\/7235"}],"wp:attachment":[{"href":"https:\/\/new.findnews5.com\/index.php?rest_route=%2Fwp%2Fv2%2Fmedia&parent=7234"}],"wp:term":[{"taxonomy":"category","embeddable":true,"href":"https:\/\/new.findnews5.com\/index.php?rest_route=%2Fwp%2Fv2%2Fcategories&post=7234"},{"taxonomy":"post_tag","embeddable":true,"href":"https:\/\/new.findnews5.com\/index.php?rest_route=%2Fwp%2Fv2%2Ftags&post=7234"}],"curies":[{"name":"wp","href":"https:\/\/api.w.org\/{rel}","templated":true}]}}