{"id":7228,"date":"2023-11-23T22:27:20","date_gmt":"2023-11-23T22:27:20","guid":{"rendered":"https:\/\/new.findnews5.com\/?p=7228"},"modified":"2023-11-23T22:27:21","modified_gmt":"2023-11-23T22:27:21","slug":"ben-ekon-e-gjirit-aurela-gace-perlot-me-fjalet-dua-te-shoh-vajzat-e-mia-te-rriten-2","status":"publish","type":"post","link":"https:\/\/new.findnews5.com\/?p=7228","title":{"rendered":"B\u00ebn ekon e gjirit, Aurela Ga\u00e7e p\u00ebrlot me fjal\u00ebt: Dua t\u00eb shoh vajzat e mia t\u00eb rriten"},"content":{"rendered":"<div class=\"78954ae5fa42b68c1393fe3da4998882\" data-index=\"1\" style=\"float: none; margin:0px 0 0px 0; text-align:center;\">\n<div data-type=\"_mgwidget\" data-widget-id=\"1576712\">\r\n<\/div>\r\n<script>(function(w,q){w[q]=w[q]||[];w[q].push([\"_mgc.load\"])})(window,\"_mgq\");\r\n<\/script>\r\n\n<\/div>\n<p>K\u00ebng\u00ebtarja shum\u00eb e dashur p\u00ebr publikun, Aurela Ga\u00e7e e ka nisur muajin me nj\u00eb kontroll kli nik t\u00eb gjirit, duke qen\u00eb se muaji kaluar ishte muaji i nd\u00ebrgjegj\u00ebsimit p\u00ebr kan\u2019cerin e gjirit.<br \/>\nAurela ka postuar nj\u00eb foto nga klinika dhe shkruan ato fjal\u00eb t\u00eb cilat i mendon \u00e7do fem\u00ebr, \u00e7do n\u00ebn\u00eb kur shkon t\u00eb b\u00ebj\u00eb ekon.<\/p>\n<p>\u201cSa here vij per eko gjiri, eshte gjithmone nje fri\u2019ke qe me shoqeron. E b\u00ebj sepse duhet ta b\u00ebj, sidomos tani qe kam nje detyre me te rendesishme , te rris femijet qe solla ne jete. E shtyj per disa jave,por mendjen e kam aty.Te pakten per 1 vit ,tani mendja ime u \u00e7lirua nga mendimet qe kaplojne \u00e7do grua.<\/p>\n<p>E dua veten por mbi te gjitha tani dua aq shume te shoh vajzat e mija te rriten e une te jem prane tyre. ..prandaj kontrrollet e shendetit i bej rregullisht. Eshte me mire ta luftojme dicka nese eshte aty, sesa te kemi fri\u2019ke te degjojme te verteten e te flem\u00eb me t\u00eb\u2026 Zbulimi i hersh\u00ebm, na ndihmon t\u2019ja ke pusim kok\u00ebn bi shes se keqe\u201d, shkruan Aurela.<\/p>\n\n<div style=\"font-size: 0px; height: 0px; line-height: 0px; margin: 0; padding: 0; clear: both;\"><\/div>","protected":false},"excerpt":{"rendered":"<p>K\u00ebng\u00ebtarja shum\u00eb e dashur p\u00ebr publikun, Aurela Ga\u00e7e e ka nisur muajin me nj\u00eb kontroll kli nik t\u00eb gjirit, duke qen\u00eb se muaji kaluar ishte muaji i&#8230; <\/p>\n","protected":false},"author":1,"featured_media":7229,"comment_status":"open","ping_status":"open","sticky":false,"template":"","format":"standard","meta":{"footnotes":""},"categories":[6],"tags":[],"class_list":["post-7228","post","type-post","status-publish","format-standard","has-post-thumbnail","hentry","category-lajme"],"_links":{"self":[{"href":"https:\/\/new.findnews5.com\/index.php?rest_route=\/wp\/v2\/posts\/7228","targetHints":{"allow":["GET"]}}],"collection":[{"href":"https:\/\/new.findnews5.com\/index.php?rest_route=\/wp\/v2\/posts"}],"about":[{"href":"https:\/\/new.findnews5.com\/index.php?rest_route=\/wp\/v2\/types\/post"}],"author":[{"embeddable":true,"href":"https:\/\/new.findnews5.com\/index.php?rest_route=\/wp\/v2\/users\/1"}],"replies":[{"embeddable":true,"href":"https:\/\/new.findnews5.com\/index.php?rest_route=%2Fwp%2Fv2%2Fcomments&post=7228"}],"version-history":[{"count":0,"href":"https:\/\/new.findnews5.com\/index.php?rest_route=\/wp\/v2\/posts\/7228\/revisions"}],"wp:featuredmedia":[{"embeddable":true,"href":"https:\/\/new.findnews5.com\/index.php?rest_route=\/wp\/v2\/media\/7229"}],"wp:attachment":[{"href":"https:\/\/new.findnews5.com\/index.php?rest_route=%2Fwp%2Fv2%2Fmedia&parent=7228"}],"wp:term":[{"taxonomy":"category","embeddable":true,"href":"https:\/\/new.findnews5.com\/index.php?rest_route=%2Fwp%2Fv2%2Fcategories&post=7228"},{"taxonomy":"post_tag","embeddable":true,"href":"https:\/\/new.findnews5.com\/index.php?rest_route=%2Fwp%2Fv2%2Ftags&post=7228"}],"curies":[{"name":"wp","href":"https:\/\/api.w.org\/{rel}","templated":true}]}}