{"id":7224,"date":"2023-11-23T22:12:12","date_gmt":"2023-11-23T22:12:12","guid":{"rendered":"https:\/\/new.findnews5.com\/?p=7224"},"modified":"2023-11-23T22:12:13","modified_gmt":"2023-11-23T22:12:13","slug":"habit-gentjan-zenelaj-kur-kam-qene-ne-lezhe-isha-coban-me-dhi-sa-modest-qe-eshte-genti","status":"publish","type":"post","link":"https:\/\/new.findnews5.com\/?p=7224","title":{"rendered":"Habit Gentjan Zenelaj: Kur kam qen\u00eb n\u00eb Lezh\u00eb isha \u00e7oban me dhi\u2026 \/ Sa modest q\u00eb \u00ebsht\u00eb Genti"},"content":{"rendered":"<div class=\"78954ae5fa42b68c1393fe3da4998882\" data-index=\"1\" style=\"float: none; margin:0px 0 0px 0; text-align:center;\">\n<div data-type=\"_mgwidget\" data-widget-id=\"1576712\">\r\n<\/div>\r\n<script>(function(w,q){w[q]=w[q]||[];w[q].push([\"_mgc.load\"])})(window,\"_mgq\");\r\n<\/script>\r\n\n<\/div>\n<p>N\u00eb emisionin \u201cRudina\u201d n\u00eb tv Klan \u00ebsht\u00eb folur sot p\u00ebr vendlindjen dhe kujtimet m\u00eb t\u00eb bukura q\u00eb t\u00eb ftuarit kan\u00eb. Nj\u00eb nder ta ka qen\u00eb edhe Gentjan Zenelaj i cili ka zbuluar p\u00ebr her\u00eb t\u00eb par\u00eb se kur jetonte n\u00eb Lezh\u00eb ai ka qen\u00eb edhe \u00e7oban me dhit\u00eb e dajave.<\/p>\n<p>Gentjan Zenelaj: Gjetja e nj\u00eb kujtimi p\u00ebr mua \u00ebsht\u00eb shum\u00eb e \u00e7muar. M\u00eb ndodh shum\u00eb shpesh n\u00eb Lezh\u00eb kur ulem buz\u00eb Drinit, pi nj\u00eb kafe apo vendbanimit Ilir apo tek vendva.rrimi i Sk\u00ebnderbeut, teksa rri menduesh\u00ebm nd\u00ebr 100 mendimet q\u00eb kam n\u00eb kok\u00eb del nj\u00eb fill si tek filmi i Harry Potter del nj\u00eb fill nga koka dhe jan\u00eb nj\u00eb varg kujtimesh t\u00eb cilat vijn\u00eb q\u00eb lidhen me f\u00ebmij\u00ebrin\u00eb t\u00ebnde.<\/p>\n<p>Rudina Magjistari: Imazhi i par\u00eb, kur ty t\u00eb p\u00ebrmendet Lezha.<\/p>\n<p>Gentjan Zenelaj: Un\u00eb n\u00eb Lezh\u00eb kam par\u00eb aventura t\u00eb papara, un\u00eb n\u00eb Lezh\u00eb kam qen\u00eb edhe \u00e7oban. Dajat e mi kishin nj\u00eb tuf\u00eb me dhi, se at\u00ebher\u00eb sa filluan t\u00eb mbanin bag\u00ebti, sa u krijua demokracia dhe un\u00eb Kalan\u00eb e Lezh\u00ebs e njoh p\u00ebll\u00ebmb\u00eb p\u00ebr p\u00ebll\u00ebmb\u00eb sepse aty jan\u00eb dhe gur\u00ebt ciklopik\u00eb, jan\u00eb ata gur\u00ebt e m\u00ebdhenj, gur\u00ebt Ilir\u00eb dhe p\u00ebr ne ishte nj\u00eb skenografi e jasht\u00ebzakonshme. Sa her\u00eb q\u00eb un\u00eb shkoj n\u00eb Lezh\u00eb, mundohem t\u2019i gjej me sy kalat\u00eb, tani jan\u00eb b\u00ebr\u00eb shum\u00eb nd\u00ebrtime dhe sa mir\u00eb do ishte Bashkia e Lezh\u00ebs ti zbulonte ato gur\u00eb sepse jan\u00eb t\u00eb jasht\u00ebzakonsh\u00ebm p\u00ebr t\u2019u par\u00eb. \/tvklan.al<\/p>\n\n<div style=\"font-size: 0px; height: 0px; line-height: 0px; margin: 0; padding: 0; clear: both;\"><\/div>","protected":false},"excerpt":{"rendered":"<p>N\u00eb emisionin \u201cRudina\u201d n\u00eb tv Klan \u00ebsht\u00eb folur sot p\u00ebr vendlindjen dhe kujtimet m\u00eb t\u00eb bukura q\u00eb t\u00eb ftuarit kan\u00eb. Nj\u00eb nder ta ka qen\u00eb edhe Gentjan&#8230; <\/p>\n","protected":false},"author":1,"featured_media":7225,"comment_status":"open","ping_status":"open","sticky":false,"template":"","format":"standard","meta":{"footnotes":""},"categories":[6],"tags":[],"class_list":["post-7224","post","type-post","status-publish","format-standard","has-post-thumbnail","hentry","category-lajme"],"_links":{"self":[{"href":"https:\/\/new.findnews5.com\/index.php?rest_route=\/wp\/v2\/posts\/7224","targetHints":{"allow":["GET"]}}],"collection":[{"href":"https:\/\/new.findnews5.com\/index.php?rest_route=\/wp\/v2\/posts"}],"about":[{"href":"https:\/\/new.findnews5.com\/index.php?rest_route=\/wp\/v2\/types\/post"}],"author":[{"embeddable":true,"href":"https:\/\/new.findnews5.com\/index.php?rest_route=\/wp\/v2\/users\/1"}],"replies":[{"embeddable":true,"href":"https:\/\/new.findnews5.com\/index.php?rest_route=%2Fwp%2Fv2%2Fcomments&post=7224"}],"version-history":[{"count":0,"href":"https:\/\/new.findnews5.com\/index.php?rest_route=\/wp\/v2\/posts\/7224\/revisions"}],"wp:featuredmedia":[{"embeddable":true,"href":"https:\/\/new.findnews5.com\/index.php?rest_route=\/wp\/v2\/media\/7225"}],"wp:attachment":[{"href":"https:\/\/new.findnews5.com\/index.php?rest_route=%2Fwp%2Fv2%2Fmedia&parent=7224"}],"wp:term":[{"taxonomy":"category","embeddable":true,"href":"https:\/\/new.findnews5.com\/index.php?rest_route=%2Fwp%2Fv2%2Fcategories&post=7224"},{"taxonomy":"post_tag","embeddable":true,"href":"https:\/\/new.findnews5.com\/index.php?rest_route=%2Fwp%2Fv2%2Ftags&post=7224"}],"curies":[{"name":"wp","href":"https:\/\/api.w.org\/{rel}","templated":true}]}}