{"id":7204,"date":"2023-11-23T12:21:11","date_gmt":"2023-11-23T12:21:11","guid":{"rendered":"https:\/\/new.findnews5.com\/?p=7204"},"modified":"2023-11-23T12:21:12","modified_gmt":"2023-11-23T12:21:12","slug":"shefi-i-krimeve-i-komisariatit-nr-6-qe-u-arrestua-bashke-me-erzen-brecanin-nipi-i-ish-gjyqtarit-gjin-gjoni","status":"publish","type":"post","link":"https:\/\/new.findnews5.com\/?p=7204","title":{"rendered":"Shefi i krimeve i komisariatit Nr. 6 q\u00eb u arrestua bashk\u00eb me Erzen Bre\u00e7anin, nipi i ish-gjyqtarit Gjin Gjoni"},"content":{"rendered":"<div class=\"78954ae5fa42b68c1393fe3da4998882\" data-index=\"1\" style=\"float: none; margin:0px 0 0px 0; text-align:center;\">\n<div data-type=\"_mgwidget\" data-widget-id=\"1576712\">\r\n<\/div>\r\n<script>(function(w,q){w[q]=w[q]||[];w[q].push([\"_mgc.load\"])})(window,\"_mgq\");\r\n<\/script>\r\n\n<\/div>\n<p>Shefi i krimeve i Komisariatit nr. 6 n\u00eb Tiran\u00eb Dedan Gjoni, i arrestuar p\u00ebr sigurimin e kushteve p\u00ebr vrasje, \u00ebsht\u00eb nipi i ish-gjyqtarit Gjin Gjoni. Burime p\u00ebr Report Tv b\u00ebjn\u00eb me dije se Dedan Gjoni \u00ebsht\u00eb djali i v\u00ebllait t\u00eb ish-gjyqtarit t\u00eb hetuar p\u00ebr fshehje pasurie, q\u00eb pati dh\u00ebn\u00eb dor\u00ebheqjen, para se t\u00eb dilte para vetingut.<\/p>\n<p>Gjyqtari Gjoni \u00ebsht\u00eb nj\u00eb figur\u00eb kontraverse e sistemit t\u00eb drejt\u00ebsis\u00eb i kosnsideruar si nj\u00eb nga gjyqtar\u00ebt m\u00eb t\u00eb pasur n\u00eb vend sipas vet\u00ebdeklarimeve t\u00eb dor\u00ebzuara n\u00eb Inspektoriatin e Lart\u00eb t\u00eb Deklarimit dhe Kontrollit t\u00eb Pasuris\u00eb dhe Konfliktit t\u00eb Interesave.<\/p>\n<p>Ai dhe bashk\u00ebshortja Elona \u00c7aushi u kall\u00ebzuan nga ILDKPKI n\u00eb vitin 2014 p\u00ebr mosdeklarim pasurie dhe konflikt interesi, por hetimet e prokuroris\u00eb s\u00eb Elbasanit u pushuan pas nj\u00eb s\u00ebr\u00eb vendimesh t\u00eb gjykatave n\u00eb t\u00eb tre shkall\u00ebt q\u00eb fillimisht ndaluan zgjatjen e afateve dhe m\u00eb pas vendos\u00ebn se \u201cfakti nuk ekzistonte\u201d dhe se Gjoni e bashk\u00ebshortja nuk kishin \u201cpasuri t\u00eb padeklaruara dhe t\u00eb pajustifikuara, apo burim t\u00eb paligjsh\u00ebm t\u00eb financimit t\u00eb tyre.\u201d<\/p>\n\n<div style=\"font-size: 0px; height: 0px; line-height: 0px; margin: 0; padding: 0; clear: both;\"><\/div>","protected":false},"excerpt":{"rendered":"<p>Shefi i krimeve i Komisariatit nr. 6 n\u00eb Tiran\u00eb Dedan Gjoni, i arrestuar p\u00ebr sigurimin e kushteve p\u00ebr vrasje, \u00ebsht\u00eb nipi i ish-gjyqtarit Gjin Gjoni. Burime p\u00ebr&#8230; <\/p>\n","protected":false},"author":1,"featured_media":7205,"comment_status":"open","ping_status":"open","sticky":false,"template":"","format":"standard","meta":{"footnotes":""},"categories":[6],"tags":[],"class_list":["post-7204","post","type-post","status-publish","format-standard","has-post-thumbnail","hentry","category-lajme"],"_links":{"self":[{"href":"https:\/\/new.findnews5.com\/index.php?rest_route=\/wp\/v2\/posts\/7204","targetHints":{"allow":["GET"]}}],"collection":[{"href":"https:\/\/new.findnews5.com\/index.php?rest_route=\/wp\/v2\/posts"}],"about":[{"href":"https:\/\/new.findnews5.com\/index.php?rest_route=\/wp\/v2\/types\/post"}],"author":[{"embeddable":true,"href":"https:\/\/new.findnews5.com\/index.php?rest_route=\/wp\/v2\/users\/1"}],"replies":[{"embeddable":true,"href":"https:\/\/new.findnews5.com\/index.php?rest_route=%2Fwp%2Fv2%2Fcomments&post=7204"}],"version-history":[{"count":0,"href":"https:\/\/new.findnews5.com\/index.php?rest_route=\/wp\/v2\/posts\/7204\/revisions"}],"wp:featuredmedia":[{"embeddable":true,"href":"https:\/\/new.findnews5.com\/index.php?rest_route=\/wp\/v2\/media\/7205"}],"wp:attachment":[{"href":"https:\/\/new.findnews5.com\/index.php?rest_route=%2Fwp%2Fv2%2Fmedia&parent=7204"}],"wp:term":[{"taxonomy":"category","embeddable":true,"href":"https:\/\/new.findnews5.com\/index.php?rest_route=%2Fwp%2Fv2%2Fcategories&post=7204"},{"taxonomy":"post_tag","embeddable":true,"href":"https:\/\/new.findnews5.com\/index.php?rest_route=%2Fwp%2Fv2%2Ftags&post=7204"}],"curies":[{"name":"wp","href":"https:\/\/api.w.org\/{rel}","templated":true}]}}