{"id":7201,"date":"2023-11-23T12:15:58","date_gmt":"2023-11-23T12:15:58","guid":{"rendered":"https:\/\/new.findnews5.com\/?p=7201"},"modified":"2023-11-23T12:15:59","modified_gmt":"2023-11-23T12:15:59","slug":"nipi-i-gjin-gjonit-perdorte-sistemet-e-policise-per-te-gjurmuar-rivalet-per-ti-vrare-kesaj-radhe-jemi-ne-shenje","status":"publish","type":"post","link":"https:\/\/new.findnews5.com\/?p=7201","title":{"rendered":"Nipi i Gjin Gjonit p\u00ebrdorte sistemet e policis\u00eb p\u00ebr t\u00eb gjurmuar rival\u00ebt p\u00ebr t\u2019i vrar\u00eb: K\u00ebsaj radhe jemi n\u00eb shenj\u00eb"},"content":{"rendered":"<div class=\"78954ae5fa42b68c1393fe3da4998882\" data-index=\"1\" style=\"float: none; margin:0px 0 0px 0; text-align:center;\">\n<div data-type=\"_mgwidget\" data-widget-id=\"1576712\">\r\n<\/div>\r\n<script>(function(w,q){w[q]=w[q]||[];w[q].push([\"_mgc.load\"])})(window,\"_mgq\");\r\n<\/script>\r\n\n<\/div>\n<p>Dedan Gjoni shefi i krimeve n\u00eb komisariatin nr. 6 \u00ebsht\u00eb personi q\u00eb n\u00eb bashk\u00ebpunim me personin n\u00ebn hetim Ismail Zeneli n\u00eb bashk\u00ebpunim dhe me personin n\u00ebn hetim Bujar Ajeti kan\u00eb nd\u00ebrmarr\u00eb veprime konkrete n\u00eb drejtim t\u00eb sigurimit t\u00eb kushteve, duke gjurmuar, identifikuar banesat dhe mbik\u00ebqyrur l\u00ebvizjet e Edmond Nela, Albert Nela, Silvi Nela, me q\u00ebllim kryerjen e vrasjes s\u00eb v\u00ebllez\u00ebrve Nela.<\/p>\n<p>Veprimet e personave n\u00ebn hetim, interpretohen vet\u00ebm n\u00eb drejtim t\u00eb vrasjes s\u00eb v\u00ebllez\u00ebrve Nela, pasi nga bisedat p\u00ebrftohen t\u00eb dh\u00ebna vet\u00ebm t\u00eb ekzistenc\u00ebs s\u00eb nj\u00eb konflikti dhe jo arsye t\u00eb tjera.<\/p>\n<p>Shtetasi Bujar Ajeti, n\u00eb marr\u00ebveshje me personin n\u00ebn hetim Ismail Zeneli dhe duke u investuar personalisht n\u00eb gjetjen e banesave t\u00eb shtetasve Albert dhe Edmond Nela, si dhe duke orientuar Ismail Zenelin se si duhet t\u00eb veprohet dhe ku t\u00eb k\u00ebrkohet informacioni me q\u00ebllim gjetjen e personave, ka kryer veprime n\u00eb drejtim t\u00eb sigurimit t\u00eb kushteve p\u00ebr kryerjen e nj\u00eb vrasje, q\u00ebllim ky i personit n\u00ebn hetim Ismail Zeneli.<\/p>\n\n<div style=\"font-size: 0px; height: 0px; line-height: 0px; margin: 0; padding: 0; clear: both;\"><\/div>","protected":false},"excerpt":{"rendered":"<p>Dedan Gjoni shefi i krimeve n\u00eb komisariatin nr. 6 \u00ebsht\u00eb personi q\u00eb n\u00eb bashk\u00ebpunim me personin n\u00ebn hetim Ismail Zeneli n\u00eb bashk\u00ebpunim dhe me personin n\u00ebn hetim&#8230; <\/p>\n","protected":false},"author":1,"featured_media":7202,"comment_status":"open","ping_status":"open","sticky":false,"template":"","format":"standard","meta":{"footnotes":""},"categories":[6],"tags":[],"class_list":["post-7201","post","type-post","status-publish","format-standard","has-post-thumbnail","hentry","category-lajme"],"_links":{"self":[{"href":"https:\/\/new.findnews5.com\/index.php?rest_route=\/wp\/v2\/posts\/7201","targetHints":{"allow":["GET"]}}],"collection":[{"href":"https:\/\/new.findnews5.com\/index.php?rest_route=\/wp\/v2\/posts"}],"about":[{"href":"https:\/\/new.findnews5.com\/index.php?rest_route=\/wp\/v2\/types\/post"}],"author":[{"embeddable":true,"href":"https:\/\/new.findnews5.com\/index.php?rest_route=\/wp\/v2\/users\/1"}],"replies":[{"embeddable":true,"href":"https:\/\/new.findnews5.com\/index.php?rest_route=%2Fwp%2Fv2%2Fcomments&post=7201"}],"version-history":[{"count":0,"href":"https:\/\/new.findnews5.com\/index.php?rest_route=\/wp\/v2\/posts\/7201\/revisions"}],"wp:featuredmedia":[{"embeddable":true,"href":"https:\/\/new.findnews5.com\/index.php?rest_route=\/wp\/v2\/media\/7202"}],"wp:attachment":[{"href":"https:\/\/new.findnews5.com\/index.php?rest_route=%2Fwp%2Fv2%2Fmedia&parent=7201"}],"wp:term":[{"taxonomy":"category","embeddable":true,"href":"https:\/\/new.findnews5.com\/index.php?rest_route=%2Fwp%2Fv2%2Fcategories&post=7201"},{"taxonomy":"post_tag","embeddable":true,"href":"https:\/\/new.findnews5.com\/index.php?rest_route=%2Fwp%2Fv2%2Ftags&post=7201"}],"curies":[{"name":"wp","href":"https:\/\/api.w.org\/{rel}","templated":true}]}}