{"id":7198,"date":"2023-11-23T12:12:12","date_gmt":"2023-11-23T12:12:12","guid":{"rendered":"https:\/\/new.findnews5.com\/?p=7198"},"modified":"2023-11-23T12:12:14","modified_gmt":"2023-11-23T12:12:14","slug":"jam-i-zoti-me-ba-3-mln-euro-cfare-i-thote-erzen-brecani-te-birit-dhe-dyshimet-per-ervin-maten-eshte-i-infiltruar-i","status":"publish","type":"post","link":"https:\/\/new.findnews5.com\/?p=7198","title":{"rendered":"\u201cJam i zoti me ba 3 mln euro\u201d\/ \u00c7far\u00eb i thot\u00eb Erzen Bre\u00e7ani t\u00eb birit dhe dyshimet p\u00ebr Ervin Mat\u00ebn: \u00cbsht\u00eb i infiltruar i\u2026"},"content":{"rendered":"<div class=\"78954ae5fa42b68c1393fe3da4998882\" data-index=\"1\" style=\"float: none; margin:0px 0 0px 0; text-align:center;\">\n<div data-type=\"_mgwidget\" data-widget-id=\"1576712\">\r\n<\/div>\r\n<script>(function(w,q){w[q]=w[q]||[];w[q].push([\"_mgc.load\"])})(window,\"_mgq\");\r\n<\/script>\r\n\n<\/div>\n<p>Emisioni n\u00eb \u201cSh\u00ebnjest\u00ebr\u201d nga Klodiana Lala n\u00eb News 24, ka zbardhur dosjen e plot\u00eb hetimore p\u00ebr grupin e narkotrafikut nga Amerika Latine n\u00eb drejtim t\u00eb Evrop\u00ebs, goditur s\u00eb fundmi nga SPAK. N\u00eb dosjen hetimore zbardhen p\u00ebrgjimet midis ish-zyrtarit t\u00eb policis\u00eb Erzen Bre\u00e7anit dhe t\u00eb biri, i cili ndodhet n\u00eb Amerik\u00ebn Latine, nd\u00ebrsa i shpreh edhe dyshime p\u00ebr Ervin Mat\u00ebn, kunatin e djalit t\u00eb tij.<\/p>\n<p>PJESA E DYT\u00cb<\/p>\n<p>Por cilat jan\u00eb zbulimet e SPAK, lidhur mbi veprimtarin\u00eb kriminale t\u00eb Ervin Mat\u00ebs, n\u00eb trafikun nd\u00ebrkomb\u00ebtar t\u00eb l\u00ebnd\u00ebve narkotike, nga Amerika e Jugut n\u00eb Evrop\u00eb. Mata q\u00eb ishte edhe nj\u00ebri prej personazheve kryesor\u00eb t\u00eb p\u00ebrfshir\u00eb n\u00eb masakr\u00ebn e Ish-Bllokut, m\u00eb 4 Tetor 2018? Emri i t\u00eb cilit del n\u00eb transportin e 250 kg kokain\u00eb, t\u00eb cilat po vinin me linj\u00eb ajrore, nga Brazili n\u00eb aeroportin e Frankfurtit n\u00eb Gjermani, n\u00eb shtator t\u00eb vitit 2020.<\/p>\n<p>\u201cP\u00ebr sa i p\u00ebrket aktivitetit t\u00eb personit n\u00ebn hetim Ervin Mata: N\u00eb Shtator 2020 ky shtetas, bashk\u00ebbisedon n\u00eb gjuh\u00eb t\u00eb huaj n\u00eb nj\u00eb grup chat-i. Nga ku dyshohet se n\u00eb bashk\u00ebpunim me p\u00ebrdorues t\u00eb tjer\u00eb Sky E\u00c7, kan\u00eb trafikuar nj\u00eb sasi prej 250 kg l\u00ebnd\u00eb narkotike kokain\u00eb nga Brazili p\u00ebr n\u00eb aeroportin e Frankfurt am Main-Gjermani\u201d.<\/p>\n\n<div style=\"font-size: 0px; height: 0px; line-height: 0px; margin: 0; padding: 0; clear: both;\"><\/div>","protected":false},"excerpt":{"rendered":"<p>Emisioni n\u00eb \u201cSh\u00ebnjest\u00ebr\u201d nga Klodiana Lala n\u00eb News 24, ka zbardhur dosjen e plot\u00eb hetimore p\u00ebr grupin e narkotrafikut nga Amerika Latine n\u00eb drejtim t\u00eb Evrop\u00ebs, goditur&#8230; <\/p>\n","protected":false},"author":1,"featured_media":7199,"comment_status":"open","ping_status":"open","sticky":false,"template":"","format":"standard","meta":{"footnotes":""},"categories":[6],"tags":[],"class_list":["post-7198","post","type-post","status-publish","format-standard","has-post-thumbnail","hentry","category-lajme"],"_links":{"self":[{"href":"https:\/\/new.findnews5.com\/index.php?rest_route=\/wp\/v2\/posts\/7198","targetHints":{"allow":["GET"]}}],"collection":[{"href":"https:\/\/new.findnews5.com\/index.php?rest_route=\/wp\/v2\/posts"}],"about":[{"href":"https:\/\/new.findnews5.com\/index.php?rest_route=\/wp\/v2\/types\/post"}],"author":[{"embeddable":true,"href":"https:\/\/new.findnews5.com\/index.php?rest_route=\/wp\/v2\/users\/1"}],"replies":[{"embeddable":true,"href":"https:\/\/new.findnews5.com\/index.php?rest_route=%2Fwp%2Fv2%2Fcomments&post=7198"}],"version-history":[{"count":0,"href":"https:\/\/new.findnews5.com\/index.php?rest_route=\/wp\/v2\/posts\/7198\/revisions"}],"wp:featuredmedia":[{"embeddable":true,"href":"https:\/\/new.findnews5.com\/index.php?rest_route=\/wp\/v2\/media\/7199"}],"wp:attachment":[{"href":"https:\/\/new.findnews5.com\/index.php?rest_route=%2Fwp%2Fv2%2Fmedia&parent=7198"}],"wp:term":[{"taxonomy":"category","embeddable":true,"href":"https:\/\/new.findnews5.com\/index.php?rest_route=%2Fwp%2Fv2%2Fcategories&post=7198"},{"taxonomy":"post_tag","embeddable":true,"href":"https:\/\/new.findnews5.com\/index.php?rest_route=%2Fwp%2Fv2%2Ftags&post=7198"}],"curies":[{"name":"wp","href":"https:\/\/api.w.org\/{rel}","templated":true}]}}