{"id":7189,"date":"2023-11-23T11:57:49","date_gmt":"2023-11-23T11:57:49","guid":{"rendered":"https:\/\/new.findnews5.com\/?p=7189"},"modified":"2023-11-23T11:57:51","modified_gmt":"2023-11-23T11:57:51","slug":"me-tha-babi-se-po-na-pergjojne-si-tallej-djali-i-erzen-brecanit-me-anetaret-e-tjere-te-bandes-po-na-kapen-ishalla-biem-ne-nje-sektor","status":"publish","type":"post","link":"https:\/\/new.findnews5.com\/?p=7189","title":{"rendered":"\u201cM\u00eb tha babi se po na p\u00ebrgjojn\u00eb\u201d, si tallej djali i Erzen Bre\u00e7anit me an\u00ebtar\u00ebt e tjer\u00eb t\u00eb band\u00ebs: Po na kap\u00ebn, ishalla biem n\u00eb nj\u00eb sektor"},"content":{"rendered":"<div class=\"78954ae5fa42b68c1393fe3da4998882\" data-index=\"1\" style=\"float: none; margin:0px 0 0px 0; text-align:center;\">\n<div data-type=\"_mgwidget\" data-widget-id=\"1576712\">\r\n<\/div>\r\n<script>(function(w,q){w[q]=w[q]||[];w[q].push([\"_mgc.load\"])})(window,\"_mgq\");\r\n<\/script>\r\n\n<\/div>\n<p>Detaje t\u00eb tjera nga dosja e SPAK p\u00ebr grupin kriminal t\u00eb trafikut t\u00eb l\u00ebnd\u00ebve narkotike ku dyshohet se b\u00ebnte pjes\u00eb edhe ish zv.drejtori i policis\u00eb n\u00eb Tiran\u00eb, Erzen Bre\u00e7ani dhe djali i tij, Eralbi Bre\u00e7ani.<\/p>\n<p>Sipas dosjes s\u00eb SPAK, n\u00eb p\u00ebrgjimet e zbardhura n\u00eb aplikacionin sky n\u00eb dat\u00ebn 8 janar 2021, zhvillohet nj\u00eb bised\u00eb n\u00eb grup mes Ismail Zenelit, Besmir Muratit, Eralbi Bre\u00e7anit dhe p\u00ebrdoruesit t\u00eb *D****P*, i paidentifikuar.<\/p>\n<p>Teksa flasin p\u00ebr nj\u00eb ngarkes\u00eb kokaine q\u00eb pritet t\u00eb kaloj\u00eb nga Brazili, Eralbi Bre\u00e7ani u tregon an\u00ebtar\u00ebve t\u00eb tjer\u00eb t\u00eb grupit kriminal se po hante drek\u00eb me t\u00eb atin Erzen Bre\u00e7ani. N\u00eb p\u00ebrgjime, Eralbi Bre\u00e7ani u tregon bashk\u00ebfol\u00ebsve se i ati i kishte dh\u00ebn\u00eb instruksione si t\u00eb ruhej, duke u b\u00ebr\u00eb thirrje q\u00eb t\u2019i heqin telefonat pasi po p\u00ebrgjohen aplikacionet \u2018sky\u2019.<\/p>\n\n<div style=\"font-size: 0px; height: 0px; line-height: 0px; margin: 0; padding: 0; clear: both;\"><\/div>","protected":false},"excerpt":{"rendered":"<p>Detaje t\u00eb tjera nga dosja e SPAK p\u00ebr grupin kriminal t\u00eb trafikut t\u00eb l\u00ebnd\u00ebve narkotike ku dyshohet se b\u00ebnte pjes\u00eb edhe ish zv.drejtori i policis\u00eb n\u00eb Tiran\u00eb,&#8230; <\/p>\n","protected":false},"author":1,"featured_media":7190,"comment_status":"open","ping_status":"open","sticky":false,"template":"","format":"standard","meta":{"footnotes":""},"categories":[6],"tags":[],"class_list":["post-7189","post","type-post","status-publish","format-standard","has-post-thumbnail","hentry","category-lajme"],"_links":{"self":[{"href":"https:\/\/new.findnews5.com\/index.php?rest_route=\/wp\/v2\/posts\/7189","targetHints":{"allow":["GET"]}}],"collection":[{"href":"https:\/\/new.findnews5.com\/index.php?rest_route=\/wp\/v2\/posts"}],"about":[{"href":"https:\/\/new.findnews5.com\/index.php?rest_route=\/wp\/v2\/types\/post"}],"author":[{"embeddable":true,"href":"https:\/\/new.findnews5.com\/index.php?rest_route=\/wp\/v2\/users\/1"}],"replies":[{"embeddable":true,"href":"https:\/\/new.findnews5.com\/index.php?rest_route=%2Fwp%2Fv2%2Fcomments&post=7189"}],"version-history":[{"count":0,"href":"https:\/\/new.findnews5.com\/index.php?rest_route=\/wp\/v2\/posts\/7189\/revisions"}],"wp:featuredmedia":[{"embeddable":true,"href":"https:\/\/new.findnews5.com\/index.php?rest_route=\/wp\/v2\/media\/7190"}],"wp:attachment":[{"href":"https:\/\/new.findnews5.com\/index.php?rest_route=%2Fwp%2Fv2%2Fmedia&parent=7189"}],"wp:term":[{"taxonomy":"category","embeddable":true,"href":"https:\/\/new.findnews5.com\/index.php?rest_route=%2Fwp%2Fv2%2Fcategories&post=7189"},{"taxonomy":"post_tag","embeddable":true,"href":"https:\/\/new.findnews5.com\/index.php?rest_route=%2Fwp%2Fv2%2Ftags&post=7189"}],"curies":[{"name":"wp","href":"https:\/\/api.w.org\/{rel}","templated":true}]}}