{"id":7186,"date":"2023-11-23T11:53:30","date_gmt":"2023-11-23T11:53:30","guid":{"rendered":"https:\/\/new.findnews5.com\/?p=7186"},"modified":"2023-11-23T11:53:32","modified_gmt":"2023-11-23T11:53:32","slug":"xhoana-kurti-vajza-vip-femije-me-kapon-e-droges-ergys-dashi-qe-u-vra-ne-ekuador-gashi-pjese-e-grupit-te-brecanit-dhe-bolit-te-elvanes","status":"publish","type":"post","link":"https:\/\/new.findnews5.com\/?p=7186","title":{"rendered":"Xhoana Kurti vajza VIP f\u00ebmij\u00eb me kapon e drog\u00ebs Ergys Dashi q\u00eb u vra n\u00eb Ekuador, Gashi pjes\u00eb e grupit t\u00eb Bre\u00e7anit dhe bolit t\u00eb Elvan\u00ebs"},"content":{"rendered":"<div class=\"78954ae5fa42b68c1393fe3da4998882\" data-index=\"1\" style=\"float: none; margin:0px 0 0px 0; text-align:center;\">\n<div data-type=\"_mgwidget\" data-widget-id=\"1576712\">\r\n<\/div>\r\n<script>(function(w,q){w[q]=w[q]||[];w[q].push([\"_mgc.load\"])})(window,\"_mgq\");\r\n<\/script>\r\n\n<\/div>\n<p>Emri i Ergys Dashit, shqiptarit me origjin\u00eb nga qyteti i Durr\u00ebsit q\u00eb u ekzekutuar n\u00eb nj\u00eb atentat mafioz n\u00eb zem\u00ebr t\u00eb Guayaquilit t\u00eb Ekudorit m\u00eb 23 Janar, \u00ebsht\u00eb zbuluar n\u00eb p\u00ebrgjimet e dosjes hetimore t\u00eb SPAK ku u godit grupi i organizuar kriminal kriminal, pas zb\u00ebrthimit t\u00eb aplikacionit n\u00eb Sky ECC.<\/p>\n<p>Ergys Dashi ka qen\u00eb i p\u00ebrfshir\u00eb n\u00eb trafikun e kokain\u00ebs, nd\u00ebrsa deri m\u00eb tani nuk ka asnj\u00eb gjurm\u00eb nga ekzekutuesi dhe porosit\u00ebsi i vrasjes s\u00eb tij, ku mbeti e plagosur dhe nj\u00eb grua.<\/p>\n<p>Mbr\u00ebmjen e djeshme u zbardh dosja, ku m\u00ebsohet se an\u00ebtar\u00ebt e grupit kriminal q\u00eb u godit dy dit\u00eb m\u00eb par\u00eb nga SPAK, Ismail Zeneli dhe Eralbi Bre\u00e7ani diskutojn\u00eb p\u00ebr Ergys Dashin.<\/p>\n<p>Nga bisedat e tyre q\u00eb lidhen me nj\u00eb transport droge, ku i p\u00ebrfshir\u00eb del t\u00eb ket\u00eb qen\u00eb edhe Ergys Dashi, Ismail Zenelidhe Eralbi Bre\u00e7ani, shprehin hapur dyshimin se mos ai iu b\u00ebn ndonj\u00eb loj\u00eb.<\/p>\n\n<div style=\"font-size: 0px; height: 0px; line-height: 0px; margin: 0; padding: 0; clear: both;\"><\/div>","protected":false},"excerpt":{"rendered":"<p>Emri i Ergys Dashit, shqiptarit me origjin\u00eb nga qyteti i Durr\u00ebsit q\u00eb u ekzekutuar n\u00eb nj\u00eb atentat mafioz n\u00eb zem\u00ebr t\u00eb Guayaquilit t\u00eb Ekudorit m\u00eb 23 Janar,&#8230; <\/p>\n","protected":false},"author":1,"featured_media":7187,"comment_status":"open","ping_status":"open","sticky":false,"template":"","format":"standard","meta":{"footnotes":""},"categories":[6],"tags":[],"class_list":["post-7186","post","type-post","status-publish","format-standard","has-post-thumbnail","hentry","category-lajme"],"_links":{"self":[{"href":"https:\/\/new.findnews5.com\/index.php?rest_route=\/wp\/v2\/posts\/7186","targetHints":{"allow":["GET"]}}],"collection":[{"href":"https:\/\/new.findnews5.com\/index.php?rest_route=\/wp\/v2\/posts"}],"about":[{"href":"https:\/\/new.findnews5.com\/index.php?rest_route=\/wp\/v2\/types\/post"}],"author":[{"embeddable":true,"href":"https:\/\/new.findnews5.com\/index.php?rest_route=\/wp\/v2\/users\/1"}],"replies":[{"embeddable":true,"href":"https:\/\/new.findnews5.com\/index.php?rest_route=%2Fwp%2Fv2%2Fcomments&post=7186"}],"version-history":[{"count":0,"href":"https:\/\/new.findnews5.com\/index.php?rest_route=\/wp\/v2\/posts\/7186\/revisions"}],"wp:featuredmedia":[{"embeddable":true,"href":"https:\/\/new.findnews5.com\/index.php?rest_route=\/wp\/v2\/media\/7187"}],"wp:attachment":[{"href":"https:\/\/new.findnews5.com\/index.php?rest_route=%2Fwp%2Fv2%2Fmedia&parent=7186"}],"wp:term":[{"taxonomy":"category","embeddable":true,"href":"https:\/\/new.findnews5.com\/index.php?rest_route=%2Fwp%2Fv2%2Fcategories&post=7186"},{"taxonomy":"post_tag","embeddable":true,"href":"https:\/\/new.findnews5.com\/index.php?rest_route=%2Fwp%2Fv2%2Ftags&post=7186"}],"curies":[{"name":"wp","href":"https:\/\/api.w.org\/{rel}","templated":true}]}}