{"id":7167,"date":"2023-11-23T00:43:11","date_gmt":"2023-11-23T00:43:11","guid":{"rendered":"https:\/\/new.findnews5.com\/?p=7167"},"modified":"2023-11-23T00:43:12","modified_gmt":"2023-11-23T00:43:12","slug":"aksident-i-rende-perplaset-gazetarja-sonlia-meco-makina-perfundon-ne-trotuar","status":"publish","type":"post","link":"https:\/\/new.findnews5.com\/?p=7167","title":{"rendered":"Aksident i r\u00ebnd\u00eb\/ P\u00ebrplaset gazetarja Sonlia Me\u00e7o, makina p\u00ebrfundon n\u00eb trotuar"},"content":{"rendered":"<div class=\"78954ae5fa42b68c1393fe3da4998882\" data-index=\"1\" style=\"float: none; margin:0px 0 0px 0; text-align:center;\">\n<div data-type=\"_mgwidget\" data-widget-id=\"1576712\">\r\n<\/div>\r\n<script>(function(w,q){w[q]=w[q]||[];w[q].push([\"_mgc.load\"])})(window,\"_mgq\");\r\n<\/script>\r\n\n<\/div>\n<p>Gazetarja e njohur Sonila Me\u00e7o \u00ebsht\u00eb p\u00ebrfshir\u00eb n\u00eb nj\u00eb aksident gjat\u00eb mesdit\u00ebs s\u00eb sotme n\u00eb Tiran\u00eb. M\u00ebsohet se aksidenti ka ndodhur n\u00eb zon\u00ebn e njohur si Kodra e Dielli n\u00eb periferi t\u00eb kryeqytetit teksa gazetarja po drejtonte makin\u00ebn e saj fuoristrad\u00eb, tip \u201cJaguar\u201d.<\/p>\n<p>Paraprakisht, sipas fotove t\u00eb publikuara nga Tema, dyshohet se gazetarja ka humbur kontrollin e drejtimit t\u00eb makin\u00ebs duke u p\u00ebrplasur me nj\u00eb shtyll\u00eb n\u00eb an\u00eb t\u00eb rrug\u00ebs.<\/p>\n<p>Nga p\u00ebrplasja \u00ebsht\u00eb rr\u00ebzuar shtylla si edhe \u00ebsht\u00eb d\u00ebmtuar makina, nd\u00ebrkoh\u00eb q\u00eb ajo pret sipas rregullave brenda mjetit deri n\u00eb ardhjen e policis\u00eb p\u00ebr t\u00eb b\u00ebr\u00eb k\u00ebqyrjen e vendit t\u00eb aksidentit.<\/p>\n<p>P\u00ebr t\u00eb fat t\u00eb mir\u00eb nuk ka t\u00eb l\u00ebnduar nga aksidenti p\u00ebrve\u00e7 d\u00ebmeve materiale.<\/p>\n\n<div style=\"font-size: 0px; height: 0px; line-height: 0px; margin: 0; padding: 0; clear: both;\"><\/div>","protected":false},"excerpt":{"rendered":"<p>Gazetarja e njohur Sonila Me\u00e7o \u00ebsht\u00eb p\u00ebrfshir\u00eb n\u00eb nj\u00eb aksident gjat\u00eb mesdit\u00ebs s\u00eb sotme n\u00eb Tiran\u00eb. M\u00ebsohet se aksidenti ka ndodhur n\u00eb zon\u00ebn e njohur si Kodra&#8230; <\/p>\n","protected":false},"author":1,"featured_media":7168,"comment_status":"open","ping_status":"open","sticky":false,"template":"","format":"standard","meta":{"footnotes":""},"categories":[6],"tags":[],"class_list":["post-7167","post","type-post","status-publish","format-standard","has-post-thumbnail","hentry","category-lajme"],"_links":{"self":[{"href":"https:\/\/new.findnews5.com\/index.php?rest_route=\/wp\/v2\/posts\/7167","targetHints":{"allow":["GET"]}}],"collection":[{"href":"https:\/\/new.findnews5.com\/index.php?rest_route=\/wp\/v2\/posts"}],"about":[{"href":"https:\/\/new.findnews5.com\/index.php?rest_route=\/wp\/v2\/types\/post"}],"author":[{"embeddable":true,"href":"https:\/\/new.findnews5.com\/index.php?rest_route=\/wp\/v2\/users\/1"}],"replies":[{"embeddable":true,"href":"https:\/\/new.findnews5.com\/index.php?rest_route=%2Fwp%2Fv2%2Fcomments&post=7167"}],"version-history":[{"count":0,"href":"https:\/\/new.findnews5.com\/index.php?rest_route=\/wp\/v2\/posts\/7167\/revisions"}],"wp:featuredmedia":[{"embeddable":true,"href":"https:\/\/new.findnews5.com\/index.php?rest_route=\/wp\/v2\/media\/7168"}],"wp:attachment":[{"href":"https:\/\/new.findnews5.com\/index.php?rest_route=%2Fwp%2Fv2%2Fmedia&parent=7167"}],"wp:term":[{"taxonomy":"category","embeddable":true,"href":"https:\/\/new.findnews5.com\/index.php?rest_route=%2Fwp%2Fv2%2Fcategories&post=7167"},{"taxonomy":"post_tag","embeddable":true,"href":"https:\/\/new.findnews5.com\/index.php?rest_route=%2Fwp%2Fv2%2Ftags&post=7167"}],"curies":[{"name":"wp","href":"https:\/\/api.w.org\/{rel}","templated":true}]}}