{"id":7155,"date":"2023-11-23T00:14:03","date_gmt":"2023-11-23T00:14:03","guid":{"rendered":"https:\/\/new.findnews5.com\/?p=7155"},"modified":"2023-11-23T00:14:04","modified_gmt":"2023-11-23T00:14:04","slug":"80-shqiptare-te-rinj-u-punesuan-ne-nje-kompani-ne-gjermani-ja-cka-thone-per-punen-ne-baushtelle-atje","status":"publish","type":"post","link":"https:\/\/new.findnews5.com\/?p=7155","title":{"rendered":"80 shqiptar\u00eb t\u00eb rinj u pun\u00ebsuan n\u00eb nj\u00eb kompani n\u00eb Gjermani \/ Ja \u00e7ka thon\u00eb p\u00ebr pun\u00ebn n\u00eb \u201cBaushtelle\u201d atje"},"content":{"rendered":"<div class=\"78954ae5fa42b68c1393fe3da4998882\" data-index=\"1\" style=\"float: none; margin:0px 0 0px 0; text-align:center;\">\n<div data-type=\"_mgwidget\" data-widget-id=\"1576712\">\r\n<\/div>\r\n<script>(function(w,q){w[q]=w[q]||[];w[q].push([\"_mgc.load\"])})(window,\"_mgq\");\r\n<\/script>\r\n\n<\/div>\n<p>Thuajse n\u00eb \u00e7do qytet n\u00eb Gjermani t\u00eb shkosh \u00ebsht\u00eb e pamundur q\u00eb mos t\u00eb gjesh shqiptar\u00eb qoft\u00eb nga Shqip\u00ebria, Kosova apo Maqedonia.<\/p>\n<p>Shifrat e t\u00eb regjistruarve shtuar k\u00ebtu ata q\u00eb nuk jan\u00eb t\u00eb rregjistruar kapin shifra shum te larta. Mij\u00ebra familje e mij\u00ebra t\u00eb rinj t\u00eb tjer\u00eb po i bashkohen cdo dit\u00eb flot\u00ebs s\u00eb shqiptar\u00ebve t\u00eb diaspor\u00ebs.<\/p>\n<p>Gjendur n\u00eb Gjermani, n\u00eb qytetin e Duisburg n\u00eb Rinin e veriut dhe Vesfalis\u00eb, ve\u00e7 krenaris\u00eb kur takon shqiptar\u00eb t\u00eb trishton fakti kur mendon se k\u00ebta t\u00eb rinj po enden rrug\u00ebve t\u00eb bot\u00ebs duke k\u00ebrkuar pun\u00eb.<\/p>\n<p>E fatmir\u00ebsisht pun\u00ebn e sigurojn\u00eb fal mb\u00ebshtetjes s\u00eb shqiptar\u00ebve t\u00eb tjer\u00eb. Arjan Baftiji, nj\u00eb shqiptar i Shkupit i lindur n\u00eb Gjermani, e ka sf id\u00eb pun\u00ebsimin e shqiptar\u00ebve. Baftiji s\u00eb bashku me Mustaf Tha\u00e7in disponojn\u00eb nj\u00eb kompani nd\u00ebrtimi ku kan\u00eb tashm\u00eb t\u00eb pun\u00ebsuar 80 t\u00eb rinj shqiptar\u00eb.<\/p>\n\n<div style=\"font-size: 0px; height: 0px; line-height: 0px; margin: 0; padding: 0; clear: both;\"><\/div>","protected":false},"excerpt":{"rendered":"<p>Thuajse n\u00eb \u00e7do qytet n\u00eb Gjermani t\u00eb shkosh \u00ebsht\u00eb e pamundur q\u00eb mos t\u00eb gjesh shqiptar\u00eb qoft\u00eb nga Shqip\u00ebria, Kosova apo Maqedonia. Shifrat e t\u00eb regjistruarve shtuar&#8230; <\/p>\n","protected":false},"author":1,"featured_media":7156,"comment_status":"open","ping_status":"open","sticky":false,"template":"","format":"standard","meta":{"footnotes":""},"categories":[6],"tags":[],"class_list":["post-7155","post","type-post","status-publish","format-standard","has-post-thumbnail","hentry","category-lajme"],"_links":{"self":[{"href":"https:\/\/new.findnews5.com\/index.php?rest_route=\/wp\/v2\/posts\/7155","targetHints":{"allow":["GET"]}}],"collection":[{"href":"https:\/\/new.findnews5.com\/index.php?rest_route=\/wp\/v2\/posts"}],"about":[{"href":"https:\/\/new.findnews5.com\/index.php?rest_route=\/wp\/v2\/types\/post"}],"author":[{"embeddable":true,"href":"https:\/\/new.findnews5.com\/index.php?rest_route=\/wp\/v2\/users\/1"}],"replies":[{"embeddable":true,"href":"https:\/\/new.findnews5.com\/index.php?rest_route=%2Fwp%2Fv2%2Fcomments&post=7155"}],"version-history":[{"count":0,"href":"https:\/\/new.findnews5.com\/index.php?rest_route=\/wp\/v2\/posts\/7155\/revisions"}],"wp:featuredmedia":[{"embeddable":true,"href":"https:\/\/new.findnews5.com\/index.php?rest_route=\/wp\/v2\/media\/7156"}],"wp:attachment":[{"href":"https:\/\/new.findnews5.com\/index.php?rest_route=%2Fwp%2Fv2%2Fmedia&parent=7155"}],"wp:term":[{"taxonomy":"category","embeddable":true,"href":"https:\/\/new.findnews5.com\/index.php?rest_route=%2Fwp%2Fv2%2Fcategories&post=7155"},{"taxonomy":"post_tag","embeddable":true,"href":"https:\/\/new.findnews5.com\/index.php?rest_route=%2Fwp%2Fv2%2Ftags&post=7155"}],"curies":[{"name":"wp","href":"https:\/\/api.w.org\/{rel}","templated":true}]}}