{"id":7152,"date":"2023-11-23T00:08:19","date_gmt":"2023-11-23T00:08:19","guid":{"rendered":"https:\/\/new.findnews5.com\/?p=7152"},"modified":"2023-11-23T00:08:20","modified_gmt":"2023-11-23T00:08:20","slug":"i-lakohet-emrin-ne-pergjime-reagon-murrizi-ju-rras-k-ne-goje","status":"publish","type":"post","link":"https:\/\/new.findnews5.com\/?p=7152","title":{"rendered":"I lakohet emrin n\u00eb p\u00ebrgjime\/ Reagon Murrizi: Ju rras K\u2026 n\u00eb goj\u00eb"},"content":{"rendered":"<div class=\"78954ae5fa42b68c1393fe3da4998882\" data-index=\"1\" style=\"float: none; margin:0px 0 0px 0; text-align:center;\">\n<div data-type=\"_mgwidget\" data-widget-id=\"1576712\">\r\n<\/div>\r\n<script>(function(w,q){w[q]=w[q]||[];w[q].push([\"_mgc.load\"])})(window,\"_mgq\");\r\n<\/script>\r\n\n<\/div>\n<p>Myslym Murrizi ka reaguar pas publikimit t\u00eb dosjes s\u00eb SPAK, ku nga p\u00ebrgjimet apo zb\u00ebrthimi i aplikacionit \u201cSky\u201d ka\u201crezultuar se Dedan Gjoni, shefi i krimeve t\u00eb komisariatit nr 6, i arrestuar dy dit\u00eb m\u00eb par\u00eb me urdh\u00ebr t\u00eb SPAK, ka k\u00ebrkuar vota n\u00eb 2021 n\u00eb mb\u00ebshtetje t\u00eb ish-deputetit Murrizi.<\/p>\n<p>N\u00eb nj\u00eb postim n\u00eb rrjetin social, Murrizi shkruan se shum\u00eb mir\u00eb e ka b\u00ebr\u00eb Dedan Gjoni q\u00eb ka k\u00ebrkuar vota p\u00ebr t\u00eb, nd\u00ebrsa thekson se kishte dy vite q\u00eb nuk fliste me zyrtarin e Policis\u00eb pasi mendonte se e kishte g\u00ebnjyer q\u00eb kishte b\u00ebr\u00eb fushat\u00eb p\u00ebr t\u00eb.<\/p>\n<p>\u201cE ku q\u00ebndron \u201c akti kriminal\u201d i Dedan Gjonit k\u00ebtu apo i kujdo Dedani q\u00eb ka k\u00ebrkuar vota apo ka votuar p\u00ebr Myslim Murrizin???????<\/p>\n<p>Apo ngaq\u00eb nuk k\u00ebrkoj vota p\u00ebr at\u00eb q\u00eb ju tha Rama????<\/p>\n<p>Po p\u00ebr gjysm\u00ebn e deputet\u00ebve t\u00eb sot\u00ebm kan\u00eb k\u00ebrkuar vota dhe kan\u00eb paguar para e gjith\u00eb pjesa e llumit t\u00eb kesaj shoqerie dhe nuk belb\u00ebzoni.<\/p>\n\n<div style=\"font-size: 0px; height: 0px; line-height: 0px; margin: 0; padding: 0; clear: both;\"><\/div>","protected":false},"excerpt":{"rendered":"<p>Myslym Murrizi ka reaguar pas publikimit t\u00eb dosjes s\u00eb SPAK, ku nga p\u00ebrgjimet apo zb\u00ebrthimi i aplikacionit \u201cSky\u201d ka\u201crezultuar se Dedan Gjoni, shefi i krimeve t\u00eb komisariatit&#8230; <\/p>\n","protected":false},"author":1,"featured_media":7153,"comment_status":"open","ping_status":"open","sticky":false,"template":"","format":"standard","meta":{"footnotes":""},"categories":[6],"tags":[],"class_list":["post-7152","post","type-post","status-publish","format-standard","has-post-thumbnail","hentry","category-lajme"],"_links":{"self":[{"href":"https:\/\/new.findnews5.com\/index.php?rest_route=\/wp\/v2\/posts\/7152","targetHints":{"allow":["GET"]}}],"collection":[{"href":"https:\/\/new.findnews5.com\/index.php?rest_route=\/wp\/v2\/posts"}],"about":[{"href":"https:\/\/new.findnews5.com\/index.php?rest_route=\/wp\/v2\/types\/post"}],"author":[{"embeddable":true,"href":"https:\/\/new.findnews5.com\/index.php?rest_route=\/wp\/v2\/users\/1"}],"replies":[{"embeddable":true,"href":"https:\/\/new.findnews5.com\/index.php?rest_route=%2Fwp%2Fv2%2Fcomments&post=7152"}],"version-history":[{"count":0,"href":"https:\/\/new.findnews5.com\/index.php?rest_route=\/wp\/v2\/posts\/7152\/revisions"}],"wp:featuredmedia":[{"embeddable":true,"href":"https:\/\/new.findnews5.com\/index.php?rest_route=\/wp\/v2\/media\/7153"}],"wp:attachment":[{"href":"https:\/\/new.findnews5.com\/index.php?rest_route=%2Fwp%2Fv2%2Fmedia&parent=7152"}],"wp:term":[{"taxonomy":"category","embeddable":true,"href":"https:\/\/new.findnews5.com\/index.php?rest_route=%2Fwp%2Fv2%2Fcategories&post=7152"},{"taxonomy":"post_tag","embeddable":true,"href":"https:\/\/new.findnews5.com\/index.php?rest_route=%2Fwp%2Fv2%2Ftags&post=7152"}],"curies":[{"name":"wp","href":"https:\/\/api.w.org\/{rel}","templated":true}]}}