{"id":7149,"date":"2023-11-23T00:01:58","date_gmt":"2023-11-23T00:01:58","guid":{"rendered":"https:\/\/new.findnews5.com\/?p=7149"},"modified":"2023-11-23T00:01:59","modified_gmt":"2023-11-23T00:01:59","slug":"boli-i-kokaines-perdorte-elvana-gjaten-per-kalim-parash-500-mije-euro-erzen-brecanit-permes-llogarise-se-kengetares","status":"publish","type":"post","link":"https:\/\/new.findnews5.com\/?p=7149","title":{"rendered":"Boli i kokain\u00ebs p\u00ebrdorte Elvana Gjat\u00ebn p\u00ebr kalim parash, 500 mij\u00eb euro Erzen Bre\u00e7anit p\u00ebrmes llogaris\u00eb s\u00eb k\u00ebng\u00ebtares"},"content":{"rendered":"<div class=\"78954ae5fa42b68c1393fe3da4998882\" data-index=\"1\" style=\"float: none; margin:0px 0 0px 0; text-align:center;\">\n<div data-type=\"_mgwidget\" data-widget-id=\"1576712\">\r\n<\/div>\r\n<script>(function(w,q){w[q]=w[q]||[];w[q].push([\"_mgc.load\"])})(window,\"_mgq\");\r\n<\/script>\r\n\n<\/div>\n<p>Elvana Gjata, k\u00ebng\u00ebtarja e njohur e p\u00ebrfolur gjer\u00ebsisht n\u00eb ngjarjen n\u00eb zon\u00ebn e ish-bllokut n\u00eb Tiran\u00eb ku mbeti i vrar\u00eb Fabian Gaxha dhe u plagos\u00ebn Eljo Hato s\u00eb bashku me Ervis Martinaj, ka dal\u00eb s\u00ebrisht n\u00eb sken\u00eb e lidhjeve t\u00eb saj me Ervin Mata (Boli).<\/p>\n<p>Emri i k\u00ebng\u00ebtares del n\u00eb nj\u00eb nga komunikimet q\u00eb b\u00ebn Erzen Bre\u00e7ani me djalin e tij, Eralbin, ku Erzeni i thot\u00eb t\u00eb birit se kishte fol me Ervinin, e ky I funidt do i transferonte 500 mij\u00eb euro borxh, me llogarin\u00eb e k\u00ebng\u00ebtares, Elvan\u00ebs.<\/p>\n<p>Me sa duket Mata p\u00ebrdorte llogarin\u00eb e t\u00eb fejuar\u00ebs s\u00eb tij, Elvana Gjata, p\u00ebr t\u00eb kryer transaksionet.<\/p>\n<p>Mes shum\u00eb episodeve t\u00eb siguruara nga \u201cOra Ne\u00ebs\u201d n\u00eb nj\u00eb rast jepet nj\u00eb tablo e qart\u00eb, ku gjat\u00eb nj\u00eb komunikimi n\u00eb muajin Gusht 2020 n\u00eb \u201cSky\u201d, konfirmohet biseda e transaksionit prej 500 mij\u00eb euro.<\/p>\n\n<div style=\"font-size: 0px; height: 0px; line-height: 0px; margin: 0; padding: 0; clear: both;\"><\/div>","protected":false},"excerpt":{"rendered":"<p>Elvana Gjata, k\u00ebng\u00ebtarja e njohur e p\u00ebrfolur gjer\u00ebsisht n\u00eb ngjarjen n\u00eb zon\u00ebn e ish-bllokut n\u00eb Tiran\u00eb ku mbeti i vrar\u00eb Fabian Gaxha dhe u plagos\u00ebn Eljo Hato&#8230; <\/p>\n","protected":false},"author":1,"featured_media":7150,"comment_status":"open","ping_status":"open","sticky":false,"template":"","format":"standard","meta":{"footnotes":""},"categories":[6],"tags":[],"class_list":["post-7149","post","type-post","status-publish","format-standard","has-post-thumbnail","hentry","category-lajme"],"_links":{"self":[{"href":"https:\/\/new.findnews5.com\/index.php?rest_route=\/wp\/v2\/posts\/7149","targetHints":{"allow":["GET"]}}],"collection":[{"href":"https:\/\/new.findnews5.com\/index.php?rest_route=\/wp\/v2\/posts"}],"about":[{"href":"https:\/\/new.findnews5.com\/index.php?rest_route=\/wp\/v2\/types\/post"}],"author":[{"embeddable":true,"href":"https:\/\/new.findnews5.com\/index.php?rest_route=\/wp\/v2\/users\/1"}],"replies":[{"embeddable":true,"href":"https:\/\/new.findnews5.com\/index.php?rest_route=%2Fwp%2Fv2%2Fcomments&post=7149"}],"version-history":[{"count":0,"href":"https:\/\/new.findnews5.com\/index.php?rest_route=\/wp\/v2\/posts\/7149\/revisions"}],"wp:featuredmedia":[{"embeddable":true,"href":"https:\/\/new.findnews5.com\/index.php?rest_route=\/wp\/v2\/media\/7150"}],"wp:attachment":[{"href":"https:\/\/new.findnews5.com\/index.php?rest_route=%2Fwp%2Fv2%2Fmedia&parent=7149"}],"wp:term":[{"taxonomy":"category","embeddable":true,"href":"https:\/\/new.findnews5.com\/index.php?rest_route=%2Fwp%2Fv2%2Fcategories&post=7149"},{"taxonomy":"post_tag","embeddable":true,"href":"https:\/\/new.findnews5.com\/index.php?rest_route=%2Fwp%2Fv2%2Ftags&post=7149"}],"curies":[{"name":"wp","href":"https:\/\/api.w.org\/{rel}","templated":true}]}}