{"id":7140,"date":"2023-11-22T14:34:53","date_gmt":"2023-11-22T14:34:53","guid":{"rendered":"https:\/\/new.findnews5.com\/?p=7140"},"modified":"2023-11-22T14:34:54","modified_gmt":"2023-11-22T14:34:54","slug":"e-papritur-arbana-osmani-nuk-do-te-prezantoje-bbv-3-emri-qe-perflitet","status":"publish","type":"post","link":"https:\/\/new.findnews5.com\/?p=7140","title":{"rendered":"E papritur! Arbana Osmani nuk do t\u00eb prezantoj\u00eb BBV 3? Emri q\u00eb p\u00ebrflitet"},"content":{"rendered":"<div class=\"78954ae5fa42b68c1393fe3da4998882\" data-index=\"1\" style=\"float: none; margin:0px 0 0px 0; text-align:center;\">\n<div data-type=\"_mgwidget\" data-widget-id=\"1576712\">\r\n<\/div>\r\n<script>(function(w,q){w[q]=w[q]||[];w[q].push([\"_mgc.load\"])})(window,\"_mgq\");\r\n<\/script>\r\n\n<\/div>\n<p>Sezoni i tret\u00eb i \u201cBig Brother VIP Albania\u201d mund t\u00eb mos prezantohet nga moderatorja Arbana Osmani. Burime t\u00eb ndryshme brenda Top Channel thon\u00eb p\u00ebr Anabel se moderimi i BBVA mbetet i paqart\u00eb p\u00ebr shkak t\u00eb nj\u00eb \u201cng\u00ebr\u00e7i\u201d mes administrator\u00ebve t\u00eb televizionit dhe Arban\u00ebs, q\u00eb mendohet se ka lidhje me negociatat mbi kompesimin financiar.<\/p>\n<p>Sipas burimeve, moderimi i BBVA-3 mbetet ende nj\u00eb \u00e7\u00ebshtje e pasigurt, por ekziston mund\u00ebsia q\u00eb t\u00eb mos jet\u00eb Arbana Osmani moderatorja e sezonit t\u00eb ardhsh\u00ebm.<\/p>\n<p>Aktualisht, duke marr\u00eb n\u00eb konsiderat\u00eb natyr\u00ebn delikate dhe konfidenciale t\u00eb negociatave t\u00eb tilla, nuk dihen m\u00eb shum\u00eb detaje, megjith\u00ebse brenda Top Channel kan\u00eb nisur t\u00eb qarkullojn\u00eb emra t\u00eb tjer\u00eb. Nj\u00eb em\u00ebr q\u00eb mendohet se mund t\u2019i besohet BBVA-3 \u00ebsht\u00eb Ledion Li\u00e7o.<\/p>\n<p> Ky i fundit, prej koh\u00ebsh i angazhuar si producent n\u00eb Top Channel, mund t\u00eb jet\u00eb gati p\u00ebr rikthimin n\u00eb ekran, qasje q\u00eb duket sikur v\u00ebrtetohet edhe fal\u00eb projekteve t\u00eb fundit si \u201cA live night\u201d apo filmi \u201cN\u00eb kuad\u00ebr t\u00eb dashuris\u00eb\u201d. P\u00ebrpos k\u00ebsaj, Ledioni ka prezantuar m\u00eb par\u00eb sezonin e tet\u00eb t\u00eb \u201cBig Brother\u201d.<\/p>\n\n<div style=\"font-size: 0px; height: 0px; line-height: 0px; margin: 0; padding: 0; clear: both;\"><\/div>","protected":false},"excerpt":{"rendered":"<p>Sezoni i tret\u00eb i \u201cBig Brother VIP Albania\u201d mund t\u00eb mos prezantohet nga moderatorja Arbana Osmani. Burime t\u00eb ndryshme brenda Top Channel thon\u00eb p\u00ebr Anabel se moderimi&#8230; <\/p>\n","protected":false},"author":1,"featured_media":7141,"comment_status":"open","ping_status":"open","sticky":false,"template":"","format":"standard","meta":{"footnotes":""},"categories":[6],"tags":[],"class_list":["post-7140","post","type-post","status-publish","format-standard","has-post-thumbnail","hentry","category-lajme"],"_links":{"self":[{"href":"https:\/\/new.findnews5.com\/index.php?rest_route=\/wp\/v2\/posts\/7140","targetHints":{"allow":["GET"]}}],"collection":[{"href":"https:\/\/new.findnews5.com\/index.php?rest_route=\/wp\/v2\/posts"}],"about":[{"href":"https:\/\/new.findnews5.com\/index.php?rest_route=\/wp\/v2\/types\/post"}],"author":[{"embeddable":true,"href":"https:\/\/new.findnews5.com\/index.php?rest_route=\/wp\/v2\/users\/1"}],"replies":[{"embeddable":true,"href":"https:\/\/new.findnews5.com\/index.php?rest_route=%2Fwp%2Fv2%2Fcomments&post=7140"}],"version-history":[{"count":0,"href":"https:\/\/new.findnews5.com\/index.php?rest_route=\/wp\/v2\/posts\/7140\/revisions"}],"wp:featuredmedia":[{"embeddable":true,"href":"https:\/\/new.findnews5.com\/index.php?rest_route=\/wp\/v2\/media\/7141"}],"wp:attachment":[{"href":"https:\/\/new.findnews5.com\/index.php?rest_route=%2Fwp%2Fv2%2Fmedia&parent=7140"}],"wp:term":[{"taxonomy":"category","embeddable":true,"href":"https:\/\/new.findnews5.com\/index.php?rest_route=%2Fwp%2Fv2%2Fcategories&post=7140"},{"taxonomy":"post_tag","embeddable":true,"href":"https:\/\/new.findnews5.com\/index.php?rest_route=%2Fwp%2Fv2%2Ftags&post=7140"}],"curies":[{"name":"wp","href":"https:\/\/api.w.org\/{rel}","templated":true}]}}