{"id":7127,"date":"2023-11-22T12:25:22","date_gmt":"2023-11-22T12:25:22","guid":{"rendered":"https:\/\/new.findnews5.com\/?p=7127"},"modified":"2023-11-22T12:25:23","modified_gmt":"2023-11-22T12:25:23","slug":"situata-serioze-serbia-nuk-i-ndal-kercenimet-me-lufte-ndaj-kosoves","status":"publish","type":"post","link":"https:\/\/new.findnews5.com\/?p=7127","title":{"rendered":"Situata serioze, Serbia nuk i ndal k\u00ebrc\u00ebnimet me luft\u00eb ndaj Kosov\u00ebs"},"content":{"rendered":"<div class=\"78954ae5fa42b68c1393fe3da4998882\" data-index=\"1\" style=\"float: none; margin:0px 0 0px 0; text-align:center;\">\n<div data-type=\"_mgwidget\" data-widget-id=\"1576712\">\r\n<\/div>\r\n<script>(function(w,q){w[q]=w[q]||[];w[q].push([\"_mgc.load\"])})(window,\"_mgq\");\r\n<\/script>\r\n\n<\/div>\n<p>Dit\u00ebve t\u00eb fundit qytetar\u00ebt e Kosov\u00ebs po p\u00ebrballen me lajme t\u00eb shumta sa i p\u00ebrket mund\u00ebsis\u00eb p\u00ebr nj\u00eb konflikt apo sulm t\u00eb ri nga Serbia.<\/p>\n<p>K\u00ebto alarame nuk kan\u00eb ardhur nga studiot e debateve televizive me analist\u00eb, por nga personalitete me pozita t\u00eb larta shtet\u00ebrore e nd\u00ebrkomb\u00ebtare. I pari q\u00eb e ngriti k\u00ebt\u00eb alarm ishte presidenti i Ukrain\u00ebs Volodimir Zelensky, i cili u shpreh dit\u00eb m\u00eb par\u00eb se Rusia po nxit luft\u00eb n\u00eb Ballkan, n\u00eb m\u00ebnyr\u00eb q\u00eb nj\u00eb shtet t\u00eb sulmoj\u00eb nj\u00eb tjet\u00ebr.<\/p>\n<p>Nd\u00ebrsa, vet kryeministri i Kosov\u00ebs, Albin Kurti theksoi se n\u00eb Rashk\u00eb t\u00eb Serbis\u00eb po ngjan riorganizimi paramilitar e terrorist i Milan Radoi\u00e7iqit dhe grupit t\u00eb tij, me instruksione dhe mb\u00ebshtetje t\u00eb shtetit t\u00eb Serbis\u00eb.<\/p>\n\n<div style=\"font-size: 0px; height: 0px; line-height: 0px; margin: 0; padding: 0; clear: both;\"><\/div>","protected":false},"excerpt":{"rendered":"<p>Dit\u00ebve t\u00eb fundit qytetar\u00ebt e Kosov\u00ebs po p\u00ebrballen me lajme t\u00eb shumta sa i p\u00ebrket mund\u00ebsis\u00eb p\u00ebr nj\u00eb konflikt apo sulm t\u00eb ri nga Serbia. K\u00ebto alarame&#8230; <\/p>\n","protected":false},"author":1,"featured_media":7128,"comment_status":"open","ping_status":"open","sticky":false,"template":"","format":"standard","meta":{"footnotes":""},"categories":[6],"tags":[],"class_list":["post-7127","post","type-post","status-publish","format-standard","has-post-thumbnail","hentry","category-lajme"],"_links":{"self":[{"href":"https:\/\/new.findnews5.com\/index.php?rest_route=\/wp\/v2\/posts\/7127","targetHints":{"allow":["GET"]}}],"collection":[{"href":"https:\/\/new.findnews5.com\/index.php?rest_route=\/wp\/v2\/posts"}],"about":[{"href":"https:\/\/new.findnews5.com\/index.php?rest_route=\/wp\/v2\/types\/post"}],"author":[{"embeddable":true,"href":"https:\/\/new.findnews5.com\/index.php?rest_route=\/wp\/v2\/users\/1"}],"replies":[{"embeddable":true,"href":"https:\/\/new.findnews5.com\/index.php?rest_route=%2Fwp%2Fv2%2Fcomments&post=7127"}],"version-history":[{"count":0,"href":"https:\/\/new.findnews5.com\/index.php?rest_route=\/wp\/v2\/posts\/7127\/revisions"}],"wp:featuredmedia":[{"embeddable":true,"href":"https:\/\/new.findnews5.com\/index.php?rest_route=\/wp\/v2\/media\/7128"}],"wp:attachment":[{"href":"https:\/\/new.findnews5.com\/index.php?rest_route=%2Fwp%2Fv2%2Fmedia&parent=7127"}],"wp:term":[{"taxonomy":"category","embeddable":true,"href":"https:\/\/new.findnews5.com\/index.php?rest_route=%2Fwp%2Fv2%2Fcategories&post=7127"},{"taxonomy":"post_tag","embeddable":true,"href":"https:\/\/new.findnews5.com\/index.php?rest_route=%2Fwp%2Fv2%2Ftags&post=7127"}],"curies":[{"name":"wp","href":"https:\/\/api.w.org\/{rel}","templated":true}]}}