{"id":7115,"date":"2023-11-22T11:43:06","date_gmt":"2023-11-22T11:43:06","guid":{"rendered":"https:\/\/new.findnews5.com\/?p=7115"},"modified":"2023-11-22T11:43:07","modified_gmt":"2023-11-22T11:43:07","slug":"lajm-i-keq-per-shqiptaret-qe-jetojne-ne-kete-vend-te-europes-merret-vendimi-i-rende-2","status":"publish","type":"post","link":"https:\/\/new.findnews5.com\/?p=7115","title":{"rendered":"Lajm i keq p\u00ebr shqiptar\u00ebt q\u00eb jetojn\u00eb n\u00eb k\u00ebt\u00eb vend t\u00eb Europ\u00ebs, merret vendimi i r\u00ebnd\u00eb"},"content":{"rendered":"<div class=\"78954ae5fa42b68c1393fe3da4998882\" data-index=\"1\" style=\"float: none; margin:0px 0 0px 0; text-align:center;\">\n<div data-type=\"_mgwidget\" data-widget-id=\"1576712\">\r\n<\/div>\r\n<script>(function(w,q){w[q]=w[q]||[];w[q].push([\"_mgc.load\"])})(window,\"_mgq\");\r\n<\/script>\r\n\n<\/div>\n<p>Zvicra ka marre vendim qe do t\u00eb mund t`i d\u00ebboj\u00eb t\u00eb huajt me dosje krimi edhe n\u00eb rastet kur veprat penale t\u00eb planifikuara t\u00eb tyre kan\u00eb mbetur n\u00eb tentativ\u00eb.<\/p>\n<p>Vendimi u mor nga Gjykata Federale me seli n\u00eb Lozan\u00eb, q\u00eb \u00ebsht\u00eb shkalla m\u00eb e lart\u00eb e gjyq\u00ebsis\u00eb n\u00eb vend. Me k\u00ebt\u00eb vendim, Lozana i ka dh\u00ebn\u00eb t\u00eb drejt\u00eb Gjykat\u00ebs s\u00eb Lart\u00eb t\u00eb Kantonit Aargau e cila kishte vendosur n\u00eb m\u00ebnyr\u00eb identike lidhur me nj\u00eb rast t\u00eb tentimit t\u00eb kryerjes s\u00eb vjedhjes s\u00eb dhunshme.<\/p>\n<p>Sipas Gjykat\u00ebs Federale, kur kemi t\u00eb b\u00ebjm\u00eb me d\u00ebbimin nga Zvicra, nuk luan rol fakti n\u00ebse vepra e caktuar penale \u00ebsht\u00eb kryer n\u00eb plot\u00ebsi ose ka mbetur n\u00eb tentative.<\/p>\n\n<div style=\"font-size: 0px; height: 0px; line-height: 0px; margin: 0; padding: 0; clear: both;\"><\/div>","protected":false},"excerpt":{"rendered":"<p>Zvicra ka marre vendim qe do t\u00eb mund t`i d\u00ebboj\u00eb t\u00eb huajt me dosje krimi edhe n\u00eb rastet kur veprat penale t\u00eb planifikuara t\u00eb tyre kan\u00eb mbetur&#8230; <\/p>\n","protected":false},"author":1,"featured_media":7116,"comment_status":"open","ping_status":"open","sticky":false,"template":"","format":"standard","meta":{"footnotes":""},"categories":[6],"tags":[],"class_list":["post-7115","post","type-post","status-publish","format-standard","has-post-thumbnail","hentry","category-lajme"],"_links":{"self":[{"href":"https:\/\/new.findnews5.com\/index.php?rest_route=\/wp\/v2\/posts\/7115","targetHints":{"allow":["GET"]}}],"collection":[{"href":"https:\/\/new.findnews5.com\/index.php?rest_route=\/wp\/v2\/posts"}],"about":[{"href":"https:\/\/new.findnews5.com\/index.php?rest_route=\/wp\/v2\/types\/post"}],"author":[{"embeddable":true,"href":"https:\/\/new.findnews5.com\/index.php?rest_route=\/wp\/v2\/users\/1"}],"replies":[{"embeddable":true,"href":"https:\/\/new.findnews5.com\/index.php?rest_route=%2Fwp%2Fv2%2Fcomments&post=7115"}],"version-history":[{"count":0,"href":"https:\/\/new.findnews5.com\/index.php?rest_route=\/wp\/v2\/posts\/7115\/revisions"}],"wp:featuredmedia":[{"embeddable":true,"href":"https:\/\/new.findnews5.com\/index.php?rest_route=\/wp\/v2\/media\/7116"}],"wp:attachment":[{"href":"https:\/\/new.findnews5.com\/index.php?rest_route=%2Fwp%2Fv2%2Fmedia&parent=7115"}],"wp:term":[{"taxonomy":"category","embeddable":true,"href":"https:\/\/new.findnews5.com\/index.php?rest_route=%2Fwp%2Fv2%2Fcategories&post=7115"},{"taxonomy":"post_tag","embeddable":true,"href":"https:\/\/new.findnews5.com\/index.php?rest_route=%2Fwp%2Fv2%2Ftags&post=7115"}],"curies":[{"name":"wp","href":"https:\/\/api.w.org\/{rel}","templated":true}]}}