{"id":7103,"date":"2023-11-22T02:11:28","date_gmt":"2023-11-22T02:11:28","guid":{"rendered":"https:\/\/new.findnews5.com\/?p=7103"},"modified":"2023-11-22T02:11:29","modified_gmt":"2023-11-22T02:11:29","slug":"jeta-ime-ka-mbaruar-historia-tragjike-e-kengetares-shqiptare-nga-skenat-e-festivaleve-ne-varferi-ekstreme","status":"publish","type":"post","link":"https:\/\/new.findnews5.com\/?p=7103","title":{"rendered":"\u201cJeta ime ka mbaruar\u201d \u2013 Historia tragjike e k\u00ebng\u00ebtares shqiptare, nga skenat e festivaleve, n\u00eb varf\u00ebri ekstreme"},"content":{"rendered":"<div class=\"78954ae5fa42b68c1393fe3da4998882\" data-index=\"1\" style=\"float: none; margin:0px 0 0px 0; text-align:center;\">\n<div data-type=\"_mgwidget\" data-widget-id=\"1576712\">\r\n<\/div>\r\n<script>(function(w,q){w[q]=w[q]||[];w[q].push([\"_mgc.load\"])})(window,\"_mgq\");\r\n<\/script>\r\n\n<\/div>\n<p>N\u00eb nj\u00eb lagje periferike t\u00eb qytetit t\u00eb Bilishtit jeton k\u00ebng\u00ebtarja e njohur mirditore, Luljeta P\u00ebrbasha. Ajo na priti n\u00eb port\u00ebn e sht\u00ebpis\u00eb s\u00eb saj q\u00eb vet\u00ebm sht\u00ebpi nuk ishte. <\/p>\n<p>Na shoq\u00ebroi s\u00ebpari drejt dhom\u00ebs ku ishte i shtrir\u00eb bashk\u00ebshorti i saj i paralizuar prej vitesh, ishte e vetmja dhom\u00eb n\u00ebse mund ta quajm\u00eb t\u00eb till\u00eb. Dhom\u00eb e cila me tep\u00ebr se orendi kishte ila\u00e7e t\u00eb bashk\u00ebshortit t\u00eb k\u00ebng\u00ebtares.<\/p>\n<p>\u00c7do gj\u00eb tjet\u00ebr e k\u00ebsaj ngrehine ishte e rrezikshme p\u00ebr t\u00eb jetuar n\u00eb t\u00eb. Luljeta P\u00ebrbasha mes lot\u00ebve na riktheu shum\u00eb vite pas tek ajo vajza mirditore shtat\u00eb vje\u00e7are q\u00eb ngjitet p\u00ebr her\u00eb t\u00eb par\u00eb n\u00eb sken\u00eb n\u00eb nj\u00eb festival f\u00ebmij\u00ebsh.VIDEO:<\/p>\n<p><iframe loading=\"lazy\" width=\"560\" height=\"315\" src=\"https:\/\/www.youtube.com\/embed\/IpZGV-cudNk?si=OXGXHsOx1cmhXQ7v\" title=\"YouTube video player\" frameborder=\"0\" allow=\"accelerometer; autoplay; clipboard-write; encrypted-media; gyroscope; picture-in-picture; web-share\" allowfullscreen><\/iframe><\/p>\n\n<div style=\"font-size: 0px; height: 0px; line-height: 0px; margin: 0; padding: 0; clear: both;\"><\/div>","protected":false},"excerpt":{"rendered":"<p>N\u00eb nj\u00eb lagje periferike t\u00eb qytetit t\u00eb Bilishtit jeton k\u00ebng\u00ebtarja e njohur mirditore, Luljeta P\u00ebrbasha. Ajo na priti n\u00eb port\u00ebn e sht\u00ebpis\u00eb s\u00eb saj q\u00eb vet\u00ebm sht\u00ebpi&#8230; <\/p>\n","protected":false},"author":1,"featured_media":7104,"comment_status":"open","ping_status":"open","sticky":false,"template":"","format":"standard","meta":{"footnotes":""},"categories":[6],"tags":[],"class_list":["post-7103","post","type-post","status-publish","format-standard","has-post-thumbnail","hentry","category-lajme"],"_links":{"self":[{"href":"https:\/\/new.findnews5.com\/index.php?rest_route=\/wp\/v2\/posts\/7103","targetHints":{"allow":["GET"]}}],"collection":[{"href":"https:\/\/new.findnews5.com\/index.php?rest_route=\/wp\/v2\/posts"}],"about":[{"href":"https:\/\/new.findnews5.com\/index.php?rest_route=\/wp\/v2\/types\/post"}],"author":[{"embeddable":true,"href":"https:\/\/new.findnews5.com\/index.php?rest_route=\/wp\/v2\/users\/1"}],"replies":[{"embeddable":true,"href":"https:\/\/new.findnews5.com\/index.php?rest_route=%2Fwp%2Fv2%2Fcomments&post=7103"}],"version-history":[{"count":0,"href":"https:\/\/new.findnews5.com\/index.php?rest_route=\/wp\/v2\/posts\/7103\/revisions"}],"wp:featuredmedia":[{"embeddable":true,"href":"https:\/\/new.findnews5.com\/index.php?rest_route=\/wp\/v2\/media\/7104"}],"wp:attachment":[{"href":"https:\/\/new.findnews5.com\/index.php?rest_route=%2Fwp%2Fv2%2Fmedia&parent=7103"}],"wp:term":[{"taxonomy":"category","embeddable":true,"href":"https:\/\/new.findnews5.com\/index.php?rest_route=%2Fwp%2Fv2%2Fcategories&post=7103"},{"taxonomy":"post_tag","embeddable":true,"href":"https:\/\/new.findnews5.com\/index.php?rest_route=%2Fwp%2Fv2%2Ftags&post=7103"}],"curies":[{"name":"wp","href":"https:\/\/api.w.org\/{rel}","templated":true}]}}