{"id":7097,"date":"2023-11-22T02:02:39","date_gmt":"2023-11-22T02:02:39","guid":{"rendered":"https:\/\/new.findnews5.com\/?p=7097"},"modified":"2023-11-22T02:02:40","modified_gmt":"2023-11-22T02:02:40","slug":"arrestohen-dy-ortake-te-gjergj-luces-per-trafik-kokaine-si-e-fshehen-mediat-e-pavarura-lajmin-veliera-anija-qe-u-sekuestrua-me-kerkese-te-italianeve-si-aset-kriminal","status":"publish","type":"post","link":"https:\/\/new.findnews5.com\/?p=7097","title":{"rendered":"Arrestohen dy ortak\u00eb t\u00eb Gjergj Luc\u00ebs p\u00ebr trafik kokaine, si e fsheh\u00ebn mediat e \u2018pavarura\u2019 lajmin. Veliera, anija q\u00eb u sekuestrua me k\u00ebrkes\u00eb t\u00eb italian\u00ebve si aset kriminal?!"},"content":{"rendered":"<div class=\"78954ae5fa42b68c1393fe3da4998882\" data-index=\"1\" style=\"float: none; margin:0px 0 0px 0; text-align:center;\">\n<div data-type=\"_mgwidget\" data-widget-id=\"1576712\">\r\n<\/div>\r\n<script>(function(w,q){w[q]=w[q]||[];w[q].push([\"_mgc.load\"])})(window,\"_mgq\");\r\n<\/script>\r\n\n<\/div>\n<p>Ky personazh n\u00eb foto \u00ebsht\u00eb Qemal Beu, kryetar i Organizat\u00ebs s\u00eb Menaxhim Peshkimit n\u00eb Durr\u00ebs, me nipt M01817501A, themeluar n\u00eb 8 qershor 2020, sot nj\u00eb shoq\u00ebri n\u00eb likuidim.<\/p>\n<p>Organiza ka 10 ortak\u00eb me nga 10 % t\u00eb aksioneve, disa nga t\u00eb cil\u00ebt trafikant\u00eb t\u00eb famsh\u00ebm droge.<\/p>\n<p>Aksionet\u00ebt jan\u00eb: Kryetari Qemal Beu, biznesmeni i peshkut Gjergj Luca, Dorian Beu, Syrjan Tola, Klodjan Kapiti, Helidon Rruga, Nazmi Kokomani dhe Alban Bala. N\u00eb 20 tetor 2023, policia italiane njoftoi se kishte mundur t\u00eb arrestonte 3 trafikant\u00eb shqiptar\u00eb droge n\u00eb Itali, t\u00eb cil\u00ebt ishin pjes\u00eb e nj\u00eb bande t\u00eb trafikut t\u00eb kokain\u00ebs n\u00eb Milano, grup q\u00eb \u00ebsht\u00eb goditur nga autoritetet italiane q\u00eb n\u00eb vitin 2017. Njoftohet se n\u00eb Shqip\u00ebri treshes i jan\u00eb sekustruar 3 milion\u00eb euro pasuri, p\u00ebrfshir\u00eb edhe nj\u00eb anije peshkimi.<\/p>\n\n<div style=\"font-size: 0px; height: 0px; line-height: 0px; margin: 0; padding: 0; clear: both;\"><\/div>","protected":false},"excerpt":{"rendered":"<p>Ky personazh n\u00eb foto \u00ebsht\u00eb Qemal Beu, kryetar i Organizat\u00ebs s\u00eb Menaxhim Peshkimit n\u00eb Durr\u00ebs, me nipt M01817501A, themeluar n\u00eb 8 qershor 2020, sot nj\u00eb shoq\u00ebri n\u00eb&#8230; <\/p>\n","protected":false},"author":1,"featured_media":7098,"comment_status":"open","ping_status":"open","sticky":false,"template":"","format":"standard","meta":{"footnotes":""},"categories":[6],"tags":[],"class_list":["post-7097","post","type-post","status-publish","format-standard","has-post-thumbnail","hentry","category-lajme"],"_links":{"self":[{"href":"https:\/\/new.findnews5.com\/index.php?rest_route=\/wp\/v2\/posts\/7097","targetHints":{"allow":["GET"]}}],"collection":[{"href":"https:\/\/new.findnews5.com\/index.php?rest_route=\/wp\/v2\/posts"}],"about":[{"href":"https:\/\/new.findnews5.com\/index.php?rest_route=\/wp\/v2\/types\/post"}],"author":[{"embeddable":true,"href":"https:\/\/new.findnews5.com\/index.php?rest_route=\/wp\/v2\/users\/1"}],"replies":[{"embeddable":true,"href":"https:\/\/new.findnews5.com\/index.php?rest_route=%2Fwp%2Fv2%2Fcomments&post=7097"}],"version-history":[{"count":0,"href":"https:\/\/new.findnews5.com\/index.php?rest_route=\/wp\/v2\/posts\/7097\/revisions"}],"wp:featuredmedia":[{"embeddable":true,"href":"https:\/\/new.findnews5.com\/index.php?rest_route=\/wp\/v2\/media\/7098"}],"wp:attachment":[{"href":"https:\/\/new.findnews5.com\/index.php?rest_route=%2Fwp%2Fv2%2Fmedia&parent=7097"}],"wp:term":[{"taxonomy":"category","embeddable":true,"href":"https:\/\/new.findnews5.com\/index.php?rest_route=%2Fwp%2Fv2%2Fcategories&post=7097"},{"taxonomy":"post_tag","embeddable":true,"href":"https:\/\/new.findnews5.com\/index.php?rest_route=%2Fwp%2Fv2%2Ftags&post=7097"}],"curies":[{"name":"wp","href":"https:\/\/api.w.org\/{rel}","templated":true}]}}