{"id":7094,"date":"2023-11-22T01:53:41","date_gmt":"2023-11-22T01:53:41","guid":{"rendered":"https:\/\/new.findnews5.com\/?p=7094"},"modified":"2023-11-22T01:53:42","modified_gmt":"2023-11-22T01:53:42","slug":"spak-urdher-arrest-per-ervin-maten-bolin-e-elvana-gjates-super-trafikantin-e-droges-qe-u-perplas-me-vis-martinajn","status":"publish","type":"post","link":"https:\/\/new.findnews5.com\/?p=7094","title":{"rendered":"SPAK urdh\u00ebr-arrest p\u00ebr Ervin Mat\u00ebn, Bolin e Elvana Gjat\u00ebs, super trafikantin e drog\u00ebs q\u00eb u p\u00ebrplas me Vis Martinajn"},"content":{"rendered":"<div class=\"78954ae5fa42b68c1393fe3da4998882\" data-index=\"1\" style=\"float: none; margin:0px 0 0px 0; text-align:center;\">\n<div data-type=\"_mgwidget\" data-widget-id=\"1576712\">\r\n<\/div>\r\n<script>(function(w,q){w[q]=w[q]||[];w[q].push([\"_mgc.load\"])})(window,\"_mgq\");\r\n<\/script>\r\n\n<\/div>\n<p>SPAK ka l\u00ebshuar urdh\u00ebr-arresti p\u00ebr Ervin Mat\u00ebn, nj\u00eb personazh tep\u00ebr i njohur i bot\u00ebs s\u00eb krimit n\u00eb Shqip\u00ebri, s\u00eb bashku me 11 persona \u201cVIP\u201d t\u00eb tjer\u00eb, disa prej t\u00eb cil\u00ebve tashm\u00eb jan\u00eb v\u00ebn\u00eb n\u00eb pranga.<\/p>\n<p>Ervin Mata, i njohur si \u201cBoli\u201d konsiderohet si nj\u00eb prej trafikant\u00ebve m\u00eb t\u00eb m\u00ebdhenj t\u00eb kokain\u00ebs n\u00eb vend, i dashuri i k\u00ebng\u00ebtares Elvana Gjata, i cili n\u00eb vitin 2018 u p\u00ebrplas me Ervis Martinajn dhe grupin e tij n\u00eb nj\u00eb lokal n\u00eb zon\u00ebn e ish-Bllokut.<\/p>\n<p>Burime b\u00ebjn\u00eb me dije se arrestimet e SPAK jan\u00eb l\u00ebshuar pik\u00ebrisht pas zb\u00ebrthimeve t\u00eb mesazheve t\u00eb Ervis Martinajt n\u00eb aplikacionin e p\u00ebrdorur nga bota e krimit \u201cSKY ECC\u201d.<br \/>\nKujtojm\u00eb se ishin familjar\u00ebt e Ervis Martinajt q\u00eb i dor\u00ebzuan prokuror\u00ebve t\u00eb SPAK-ut, kodin unik q\u00eb ai p\u00ebrdorte n\u00eb aplikacionin e koduar, n\u00eb tentativ\u00eb p\u00ebr t\u2019i ndihmuar n\u00eb gjetjen e gjurm\u00ebve t\u00eb tij, disa muaj pas zhdukjes s\u00eb mistershme.<\/p>\n\n<div style=\"font-size: 0px; height: 0px; line-height: 0px; margin: 0; padding: 0; clear: both;\"><\/div>","protected":false},"excerpt":{"rendered":"<p>SPAK ka l\u00ebshuar urdh\u00ebr-arresti p\u00ebr Ervin Mat\u00ebn, nj\u00eb personazh tep\u00ebr i njohur i bot\u00ebs s\u00eb krimit n\u00eb Shqip\u00ebri, s\u00eb bashku me 11 persona \u201cVIP\u201d t\u00eb tjer\u00eb, disa&#8230; <\/p>\n","protected":false},"author":1,"featured_media":7095,"comment_status":"open","ping_status":"open","sticky":false,"template":"","format":"standard","meta":{"footnotes":""},"categories":[6],"tags":[],"class_list":["post-7094","post","type-post","status-publish","format-standard","has-post-thumbnail","hentry","category-lajme"],"_links":{"self":[{"href":"https:\/\/new.findnews5.com\/index.php?rest_route=\/wp\/v2\/posts\/7094","targetHints":{"allow":["GET"]}}],"collection":[{"href":"https:\/\/new.findnews5.com\/index.php?rest_route=\/wp\/v2\/posts"}],"about":[{"href":"https:\/\/new.findnews5.com\/index.php?rest_route=\/wp\/v2\/types\/post"}],"author":[{"embeddable":true,"href":"https:\/\/new.findnews5.com\/index.php?rest_route=\/wp\/v2\/users\/1"}],"replies":[{"embeddable":true,"href":"https:\/\/new.findnews5.com\/index.php?rest_route=%2Fwp%2Fv2%2Fcomments&post=7094"}],"version-history":[{"count":0,"href":"https:\/\/new.findnews5.com\/index.php?rest_route=\/wp\/v2\/posts\/7094\/revisions"}],"wp:featuredmedia":[{"embeddable":true,"href":"https:\/\/new.findnews5.com\/index.php?rest_route=\/wp\/v2\/media\/7095"}],"wp:attachment":[{"href":"https:\/\/new.findnews5.com\/index.php?rest_route=%2Fwp%2Fv2%2Fmedia&parent=7094"}],"wp:term":[{"taxonomy":"category","embeddable":true,"href":"https:\/\/new.findnews5.com\/index.php?rest_route=%2Fwp%2Fv2%2Fcategories&post=7094"},{"taxonomy":"post_tag","embeddable":true,"href":"https:\/\/new.findnews5.com\/index.php?rest_route=%2Fwp%2Fv2%2Ftags&post=7094"}],"curies":[{"name":"wp","href":"https:\/\/api.w.org\/{rel}","templated":true}]}}