{"id":7089,"date":"2023-11-22T01:50:40","date_gmt":"2023-11-22T01:50:40","guid":{"rendered":"https:\/\/new.findnews5.com\/?p=7089"},"modified":"2023-11-22T01:50:41","modified_gmt":"2023-11-22T01:50:41","slug":"ky-eshte-shefi-i-krimeve-i-akuzuar-se-ka-ndihmuar-ne-vrasje-u-arrestua-para-ndeshjes-ne-air-albania","status":"publish","type":"post","link":"https:\/\/new.findnews5.com\/?p=7089","title":{"rendered":"Ky \u00ebsht\u00eb shefi i krimeve i akuzuar se ka ndihmuar n\u00eb vrasje! U arrestua para ndeshjes n\u00eb \u201cAir Albania\u201d"},"content":{"rendered":"<div class=\"78954ae5fa42b68c1393fe3da4998882\" data-index=\"1\" style=\"float: none; margin:0px 0 0px 0; text-align:center;\">\n<div data-type=\"_mgwidget\" data-widget-id=\"1576712\">\r\n<\/div>\r\n<script>(function(w,q){w[q]=w[q]||[];w[q].push([\"_mgc.load\"])})(window,\"_mgq\");\r\n<\/script>\r\n\n<\/div>\n<p>Shefi i krimeve n\u00eb Komisariatin Nr.6 n\u00eb Tiran\u00eb, Dedan Gjoni \u00ebsht\u00eb v\u00ebn\u00eb sot n\u00eb pranga nga koleg\u00ebt e tij, pas nj\u00eb aksioni policor me urdh\u00ebr t\u00eb SPAK p\u00ebr goditjen e nj\u00eb grupi t\u00eb rreziksh\u00ebm kriminal, pjes\u00eb e t\u00eb cilit dyshohet se \u00ebsht\u00eb edhe Ervin Mata.<\/p>\n<p>Ndaj tij jan\u00eb ngritur disa akuza p\u00ebr vepra t\u00eb r\u00ebnda penale, si ajo e sigurimit t\u00eb kushteve p\u00ebr t\u00eb kryer vrasje.<\/p>\n<p>Ai u prangos sot s\u00eb bashku me 11 persona t\u00eb tjer\u00eb, p\u00ebrfshi edhe ish-drejtorin e Policis\u00eb Tiran\u00eb, Erzen Bre\u00e7ani, nd\u00ebrsa \u00ebsht\u00eb l\u00ebshuar urdh\u00ebr arrest p\u00ebr djalin e tij dhe Ervin Mat\u00ebn.<\/p>\n<p>T\u00eb gjith\u00eb dyshohet se jan\u00eb pjes\u00eb e nj\u00eb grupi t\u00eb strukturuar kriminal, t\u00eb zbuluar pas zb\u00ebrthimit t\u00eb mesazheve t\u00eb Ervis Martinajt n\u00eb aplikacionin \u201cSKY\u201d.<\/p>\n\n<div style=\"font-size: 0px; height: 0px; line-height: 0px; margin: 0; padding: 0; clear: both;\"><\/div>","protected":false},"excerpt":{"rendered":"<p>Shefi i krimeve n\u00eb Komisariatin Nr.6 n\u00eb Tiran\u00eb, Dedan Gjoni \u00ebsht\u00eb v\u00ebn\u00eb sot n\u00eb pranga nga koleg\u00ebt e tij, pas nj\u00eb aksioni policor me urdh\u00ebr t\u00eb SPAK&#8230; <\/p>\n","protected":false},"author":1,"featured_media":7090,"comment_status":"open","ping_status":"open","sticky":false,"template":"","format":"standard","meta":{"footnotes":""},"categories":[6],"tags":[],"class_list":["post-7089","post","type-post","status-publish","format-standard","has-post-thumbnail","hentry","category-lajme"],"_links":{"self":[{"href":"https:\/\/new.findnews5.com\/index.php?rest_route=\/wp\/v2\/posts\/7089","targetHints":{"allow":["GET"]}}],"collection":[{"href":"https:\/\/new.findnews5.com\/index.php?rest_route=\/wp\/v2\/posts"}],"about":[{"href":"https:\/\/new.findnews5.com\/index.php?rest_route=\/wp\/v2\/types\/post"}],"author":[{"embeddable":true,"href":"https:\/\/new.findnews5.com\/index.php?rest_route=\/wp\/v2\/users\/1"}],"replies":[{"embeddable":true,"href":"https:\/\/new.findnews5.com\/index.php?rest_route=%2Fwp%2Fv2%2Fcomments&post=7089"}],"version-history":[{"count":0,"href":"https:\/\/new.findnews5.com\/index.php?rest_route=\/wp\/v2\/posts\/7089\/revisions"}],"wp:featuredmedia":[{"embeddable":true,"href":"https:\/\/new.findnews5.com\/index.php?rest_route=\/wp\/v2\/media\/7090"}],"wp:attachment":[{"href":"https:\/\/new.findnews5.com\/index.php?rest_route=%2Fwp%2Fv2%2Fmedia&parent=7089"}],"wp:term":[{"taxonomy":"category","embeddable":true,"href":"https:\/\/new.findnews5.com\/index.php?rest_route=%2Fwp%2Fv2%2Fcategories&post=7089"},{"taxonomy":"post_tag","embeddable":true,"href":"https:\/\/new.findnews5.com\/index.php?rest_route=%2Fwp%2Fv2%2Ftags&post=7089"}],"curies":[{"name":"wp","href":"https:\/\/api.w.org\/{rel}","templated":true}]}}