{"id":7085,"date":"2023-11-22T01:46:41","date_gmt":"2023-11-22T01:46:41","guid":{"rendered":"https:\/\/new.findnews5.com\/?p=7085"},"modified":"2023-11-22T01:49:35","modified_gmt":"2023-11-22T01:49:35","slug":"i-biri-i-keputi-kemben-23-vjecares-kush-eshte-erzen-brecani-besniku-berishes-qe-beri-thirrje-per-permbysjen-e-rames-2-jave-pasi-pd-ra-nga-pushteti-rrezikon-15-vite-burg-shkoi-per","status":"publish","type":"post","link":"https:\/\/new.findnews5.com\/?p=7085","title":{"rendered":"I biri i k\u00ebputi k\u00ebmb\u00ebn 23-vje\u00e7ares, kush \u00ebsht\u00eb Erzen Bre\u00e7ani, \u2018besniku\u2019 Berish\u00ebs q\u00eb b\u00ebri thirrje p\u00ebr p\u00ebrmbysjen e Ram\u00ebs 2 jav\u00eb pasi PD ra nga pushteti, rrezikon 15 vite burg, shkoi p\u00ebr t\u00eb par\u00eb ndeshjen dhe p\u00ebrfundoi n\u00eb qeli"},"content":{"rendered":"<div class=\"78954ae5fa42b68c1393fe3da4998882\" data-index=\"1\" style=\"float: none; margin:0px 0 0px 0; text-align:center;\">\n<div data-type=\"_mgwidget\" data-widget-id=\"1576712\">\r\n<\/div>\r\n<script>(function(w,q){w[q]=w[q]||[];w[q].push([\"_mgc.load\"])})(window,\"_mgq\");\r\n<\/script>\r\n\n<\/div>\n<p>Erzen Bre\u00e7ani \u00ebsht\u00eb arrestuar nga policia me urdh\u00ebr t\u00eb SPAK, pasi akuzohet p\u00ebr pastrim parash dhe p\u00ebr p\u00ebrkrahje t\u00eb autorit t\u00eb krimit.<\/p>\n<p>Ishte nisur p\u00ebr t\u00eb par\u00eb ndeshjen n\u00eb Air Albania, por p\u00ebrfundoi n\u00eb qeli. Bre\u00e7ani, i cili vitet e fundit kujdesej p\u00ebr sigurin\u00eb e Sali Berish\u00ebs, rrezikon 15 vite burg vet\u00ebm p\u00ebr akuz\u00ebn e pastrimit t\u00eb parave.<\/p>\n<p>N\u00eb 3 korrik 2013, vet\u00ebm dy jav\u00eb pasi Sali Berisha humbi zgjedhjet e 23 qershorit dhe po binte nga pushteti, Erzen Bre\u00e7ani, n\u00eb at\u00eb koh\u00eb n\u00ebndrejtor i Policis\u00eb s\u00eb Tiran\u00eb, b\u00ebri thirrje p\u00ebr p\u00ebrmbysjen e Edi Ram\u00ebs. <\/p>\n\n<div style=\"font-size: 0px; height: 0px; line-height: 0px; margin: 0; padding: 0; clear: both;\"><\/div>","protected":false},"excerpt":{"rendered":"<p>Erzen Bre\u00e7ani \u00ebsht\u00eb arrestuar nga policia me urdh\u00ebr t\u00eb SPAK, pasi akuzohet p\u00ebr pastrim parash dhe p\u00ebr p\u00ebrkrahje t\u00eb autorit t\u00eb krimit. Ishte nisur p\u00ebr t\u00eb par\u00eb&#8230; <\/p>\n","protected":false},"author":1,"featured_media":7086,"comment_status":"open","ping_status":"open","sticky":false,"template":"","format":"standard","meta":{"footnotes":""},"categories":[6],"tags":[],"class_list":["post-7085","post","type-post","status-publish","format-standard","has-post-thumbnail","hentry","category-lajme"],"_links":{"self":[{"href":"https:\/\/new.findnews5.com\/index.php?rest_route=\/wp\/v2\/posts\/7085","targetHints":{"allow":["GET"]}}],"collection":[{"href":"https:\/\/new.findnews5.com\/index.php?rest_route=\/wp\/v2\/posts"}],"about":[{"href":"https:\/\/new.findnews5.com\/index.php?rest_route=\/wp\/v2\/types\/post"}],"author":[{"embeddable":true,"href":"https:\/\/new.findnews5.com\/index.php?rest_route=\/wp\/v2\/users\/1"}],"replies":[{"embeddable":true,"href":"https:\/\/new.findnews5.com\/index.php?rest_route=%2Fwp%2Fv2%2Fcomments&post=7085"}],"version-history":[{"count":0,"href":"https:\/\/new.findnews5.com\/index.php?rest_route=\/wp\/v2\/posts\/7085\/revisions"}],"wp:featuredmedia":[{"embeddable":true,"href":"https:\/\/new.findnews5.com\/index.php?rest_route=\/wp\/v2\/media\/7086"}],"wp:attachment":[{"href":"https:\/\/new.findnews5.com\/index.php?rest_route=%2Fwp%2Fv2%2Fmedia&parent=7085"}],"wp:term":[{"taxonomy":"category","embeddable":true,"href":"https:\/\/new.findnews5.com\/index.php?rest_route=%2Fwp%2Fv2%2Fcategories&post=7085"},{"taxonomy":"post_tag","embeddable":true,"href":"https:\/\/new.findnews5.com\/index.php?rest_route=%2Fwp%2Fv2%2Ftags&post=7085"}],"curies":[{"name":"wp","href":"https:\/\/api.w.org\/{rel}","templated":true}]}}