{"id":7082,"date":"2023-11-22T01:43:40","date_gmt":"2023-11-22T01:43:40","guid":{"rendered":"https:\/\/new.findnews5.com\/?p=7082"},"modified":"2023-11-22T01:43:41","modified_gmt":"2023-11-22T01:43:41","slug":"a-ka-gisht-erzen-brecani-ne-zhdukjen-e-vis-martinajt-disa-lidhje-linje-droge-dhe-cfare-thoshte-1-vit-me-pare","status":"publish","type":"post","link":"https:\/\/new.findnews5.com\/?p=7082","title":{"rendered":"A ka gisht Erzen Bre\u00e7ani n\u00eb zhdukjen e Vis Martinajt? Disa lidhje, linj\u00eb droge dhe \u00e7far\u00eb thosht\u00eb 1 vit m\u00eb par\u00eb"},"content":{"rendered":"<div class=\"78954ae5fa42b68c1393fe3da4998882\" data-index=\"1\" style=\"float: none; margin:0px 0 0px 0; text-align:center;\">\n<div data-type=\"_mgwidget\" data-widget-id=\"1576712\">\r\n<\/div>\r\n<script>(function(w,q){w[q]=w[q]||[];w[q].push([\"_mgc.load\"])})(window,\"_mgq\");\r\n<\/script>\r\n\n<\/div>\n<p>Detaje t\u00eb reja nga arrestimi i shefit t\u00eb Krimeve t\u00eb R\u00ebnda, Dedan Gjoni i cili n\u00eb bashk\u00ebpunim me personazhin e njohur t\u00eb krimit n\u00eb Kuk\u00ebs, Bujar G\u00ebrmizi (Ajeti) dhe shtetasin Besmir Mustati, po planifikonin vrasjen e dy v\u00ebllez\u00ebrve n\u00eb Britani.<\/p>\n<p>Raportohet se shkak \u00ebsht\u00eb p\u00ebrplasja p\u00ebr trafikun e drog\u00ebs dhe se ky operacion i SPAK po zhvillohet paralelisht edhe n\u00eb Spanj\u00eb p\u00ebr kapjen e autor\u00ebve t\u00eb dyshuar t\u00eb grupit kriminal. Nd\u00ebrkoh\u00eb m\u00ebsohet se Bujar G\u00ebrmizi \u00ebsht\u00eb shoq\u00ebruar nga Kuk\u00ebsi drejt Policis\u00eb s\u00eb Drejtoris\u00eb s\u00eb Tiran\u00ebs n\u00ebn masa t\u00eb rrepta sigurie.<\/p>\n<p>Erzen Bre\u00e7ani ka lidhje krushqie me Ervin Mat\u00ebn, pasi djali i ish-drejtori i Policis\u00eb s\u00eb Tiran\u00ebs \u00ebsht\u00eb n\u00eb nj\u00eb marr\u00ebdh\u00ebnie me motr\u00ebn e biznesmenit.<\/p>\n\n<div style=\"font-size: 0px; height: 0px; line-height: 0px; margin: 0; padding: 0; clear: both;\"><\/div>","protected":false},"excerpt":{"rendered":"<p>Detaje t\u00eb reja nga arrestimi i shefit t\u00eb Krimeve t\u00eb R\u00ebnda, Dedan Gjoni i cili n\u00eb bashk\u00ebpunim me personazhin e njohur t\u00eb krimit n\u00eb Kuk\u00ebs, Bujar G\u00ebrmizi&#8230; <\/p>\n","protected":false},"author":1,"featured_media":7083,"comment_status":"open","ping_status":"open","sticky":false,"template":"","format":"standard","meta":{"footnotes":""},"categories":[6],"tags":[],"class_list":["post-7082","post","type-post","status-publish","format-standard","has-post-thumbnail","hentry","category-lajme"],"_links":{"self":[{"href":"https:\/\/new.findnews5.com\/index.php?rest_route=\/wp\/v2\/posts\/7082","targetHints":{"allow":["GET"]}}],"collection":[{"href":"https:\/\/new.findnews5.com\/index.php?rest_route=\/wp\/v2\/posts"}],"about":[{"href":"https:\/\/new.findnews5.com\/index.php?rest_route=\/wp\/v2\/types\/post"}],"author":[{"embeddable":true,"href":"https:\/\/new.findnews5.com\/index.php?rest_route=\/wp\/v2\/users\/1"}],"replies":[{"embeddable":true,"href":"https:\/\/new.findnews5.com\/index.php?rest_route=%2Fwp%2Fv2%2Fcomments&post=7082"}],"version-history":[{"count":0,"href":"https:\/\/new.findnews5.com\/index.php?rest_route=\/wp\/v2\/posts\/7082\/revisions"}],"wp:featuredmedia":[{"embeddable":true,"href":"https:\/\/new.findnews5.com\/index.php?rest_route=\/wp\/v2\/media\/7083"}],"wp:attachment":[{"href":"https:\/\/new.findnews5.com\/index.php?rest_route=%2Fwp%2Fv2%2Fmedia&parent=7082"}],"wp:term":[{"taxonomy":"category","embeddable":true,"href":"https:\/\/new.findnews5.com\/index.php?rest_route=%2Fwp%2Fv2%2Fcategories&post=7082"},{"taxonomy":"post_tag","embeddable":true,"href":"https:\/\/new.findnews5.com\/index.php?rest_route=%2Fwp%2Fv2%2Ftags&post=7082"}],"curies":[{"name":"wp","href":"https:\/\/api.w.org\/{rel}","templated":true}]}}