{"id":7022,"date":"2023-11-21T13:54:25","date_gmt":"2023-11-21T13:54:25","guid":{"rendered":"https:\/\/new.findnews5.com\/?p=7022"},"modified":"2023-11-21T13:54:27","modified_gmt":"2023-11-21T13:54:27","slug":"sali-berisha-flitej-se-remzi-hoxha-ka-pergatitur-atentat-ndaj-gligorovit-dhe-meje","status":"publish","type":"post","link":"https:\/\/new.findnews5.com\/?p=7022","title":{"rendered":"Sali Berisha: Flitej se Remzi Hoxha ka p\u00ebrgatitur atentat ndaj Gligorovit dhe meje"},"content":{"rendered":"<div class=\"78954ae5fa42b68c1393fe3da4998882\" data-index=\"1\" style=\"float: none; margin:0px 0 0px 0; text-align:center;\">\n<div data-type=\"_mgwidget\" data-widget-id=\"1576712\">\r\n<\/div>\r\n<script>(function(w,q){w[q]=w[q]||[];w[q].push([\"_mgc.load\"])})(window,\"_mgq\");\r\n<\/script>\r\n\n<\/div>\n<p>Nuk kisha pasur kurr\u00eb as informacion as emrin e tij nuk e kisha d\u00ebgjuar kurr\u00eb. U tha se ka marr\u00eb pjes\u00eb n\u00eb atentatin, autobomb\u00ebn e Gligorovit. Nuk kam pasur asnj\u00eb informacion. <\/p>\n<p>U tha m\u00eb von\u00eb se ka marr\u00eb pjes\u00eb n\u00eb atentatin ndaj Sali Berish\u00ebs nuk kam pasur asnj\u00eb informacion. Zero, as p\u00ebr Gligorov as p\u00ebr Berish\u00ebn\u201d, tha Berisha. Rr\u00ebmbimi dhe zhdukja e Remzi Hoxh\u00ebs \u00ebsht\u00eb b\u00ebr\u00eb objekt debati t\u00eb enjten n\u00eb Kuvendin e Shqip\u00ebris\u00eb. <\/p>\n<p>Deputeti socialist Erjon Bra\u00e7e i k\u00ebrkoi deputetit Sali Berisha t\u00eb tregoj\u00eb se ku jan\u00eb eshtrat e biznesmenit Hoxha. Bra\u00e7e k\u00ebrkoi gjithashtu nga ministri i Brendsh\u00ebm Saimir Tahiri t\u00eb ekstradohet Ilir Kumbaro.<\/p>\n<p>N\u00eb p\u00ebrgjigje Berisha tha se nuk ka dijeni p\u00ebr zhdukjen dhe as rr\u00ebmbimin nd\u00ebrsa akuzoi Fatos Klosin se ka zhdukur dosjen e Remzi Hoxh\u00ebs, njoftojn\u00eb medie nga Tirana.<\/p>\n\n<div style=\"font-size: 0px; height: 0px; line-height: 0px; margin: 0; padding: 0; clear: both;\"><\/div>","protected":false},"excerpt":{"rendered":"<p>Nuk kisha pasur kurr\u00eb as informacion as emrin e tij nuk e kisha d\u00ebgjuar kurr\u00eb. U tha se ka marr\u00eb pjes\u00eb n\u00eb atentatin, autobomb\u00ebn e Gligorovit. Nuk&#8230; <\/p>\n","protected":false},"author":1,"featured_media":7024,"comment_status":"open","ping_status":"open","sticky":false,"template":"","format":"standard","meta":{"footnotes":""},"categories":[6],"tags":[],"class_list":["post-7022","post","type-post","status-publish","format-standard","has-post-thumbnail","hentry","category-lajme"],"_links":{"self":[{"href":"https:\/\/new.findnews5.com\/index.php?rest_route=\/wp\/v2\/posts\/7022","targetHints":{"allow":["GET"]}}],"collection":[{"href":"https:\/\/new.findnews5.com\/index.php?rest_route=\/wp\/v2\/posts"}],"about":[{"href":"https:\/\/new.findnews5.com\/index.php?rest_route=\/wp\/v2\/types\/post"}],"author":[{"embeddable":true,"href":"https:\/\/new.findnews5.com\/index.php?rest_route=\/wp\/v2\/users\/1"}],"replies":[{"embeddable":true,"href":"https:\/\/new.findnews5.com\/index.php?rest_route=%2Fwp%2Fv2%2Fcomments&post=7022"}],"version-history":[{"count":0,"href":"https:\/\/new.findnews5.com\/index.php?rest_route=\/wp\/v2\/posts\/7022\/revisions"}],"wp:featuredmedia":[{"embeddable":true,"href":"https:\/\/new.findnews5.com\/index.php?rest_route=\/wp\/v2\/media\/7024"}],"wp:attachment":[{"href":"https:\/\/new.findnews5.com\/index.php?rest_route=%2Fwp%2Fv2%2Fmedia&parent=7022"}],"wp:term":[{"taxonomy":"category","embeddable":true,"href":"https:\/\/new.findnews5.com\/index.php?rest_route=%2Fwp%2Fv2%2Fcategories&post=7022"},{"taxonomy":"post_tag","embeddable":true,"href":"https:\/\/new.findnews5.com\/index.php?rest_route=%2Fwp%2Fv2%2Ftags&post=7022"}],"curies":[{"name":"wp","href":"https:\/\/api.w.org\/{rel}","templated":true}]}}