{"id":7019,"date":"2023-11-21T13:42:49","date_gmt":"2023-11-21T13:42:49","guid":{"rendered":"https:\/\/new.findnews5.com\/?p=7019"},"modified":"2023-11-21T13:42:50","modified_gmt":"2023-11-21T13:42:50","slug":"mes-lotesh-dhe-kercenimesh-nismetarja-e-bibliotekes-se-pare-shqip-ne-manastir-sonte-nuk-fle-dot-jeta-ime-ne-rrezik-shperndajeni","status":"publish","type":"post","link":"https:\/\/new.findnews5.com\/?p=7019","title":{"rendered":"Mes lot\u00ebsh dhe k\u00ebrc\u00ebnimesh! Nism\u00ebtarja e bibliotek\u00ebs s\u00eb par\u00eb shqip n\u00eb Manastir: Sonte nuk fle dot, jeta ime n\u00eb rrezik \/ Shp\u00ebrndajeni"},"content":{"rendered":"<div class=\"78954ae5fa42b68c1393fe3da4998882\" data-index=\"1\" style=\"float: none; margin:0px 0 0px 0; text-align:center;\">\n<div data-type=\"_mgwidget\" data-widget-id=\"1576712\">\r\n<\/div>\r\n<script>(function(w,q){w[q]=w[q]||[];w[q].push([\"_mgc.load\"])})(window,\"_mgq\");\r\n<\/script>\r\n\n<\/div>\n<p>Studentja shqiptare, Emira Selimi e cila mori nism\u00ebn p\u00ebr t\u00eb hapur bibliotek\u00ebn e par\u00eb shqipe n\u00eb Manastir, n\u00eb Maqedonin\u00eb e Veriut, vendlindjen e alfabetit shqip, ka qen\u00eb pasditen e sotme p\u00ebrmes nj\u00eb lidhjeje skype n\u00eb emisionin \u201cFtes\u00eb n\u00eb 5\u201d.<\/p>\n<p>Mes lot\u00ebsh dhe emocionesh t\u00eb forta, Emira tregoi se si jeta e saj \u00ebsht\u00eb n\u00eb rrezik q\u00eb prej dit\u00ebs kur b\u00ebri publik nism\u00ebn. Ajo pohoi se ka marr\u00eb k\u00ebrc\u00ebnime dhe shantazhe n\u00eb m\u00ebnyr\u00eb t\u00eb vazhdueshme, duke p\u00ebrmendur dhe indiferentizmin e institucioneve lokale n\u00eb Manastir.<\/p>\n<p>15.000 libra shqip, sipas saj, nuk lejohen t\u00eb kalojn\u00eb kufirin p\u00ebr n\u00eb bibliotek\u00eb, sepse k\u00ebto libra konsiderohen si rrezik.<\/p>\n<p>Nd\u00ebr t\u00eb tjera ajo tregoi se edhe presidentja e Kosov\u00ebs, Vjosa Osmani e ka pasur t\u00eb v\u00ebshtir\u00eb t\u00eb kaloj\u00eb librat n\u00eb gjuh\u00ebn shqipe n\u00eb Maqedonin\u00eb e Veriut.<\/p>\n\n<div style=\"font-size: 0px; height: 0px; line-height: 0px; margin: 0; padding: 0; clear: both;\"><\/div>","protected":false},"excerpt":{"rendered":"<p>Studentja shqiptare, Emira Selimi e cila mori nism\u00ebn p\u00ebr t\u00eb hapur bibliotek\u00ebn e par\u00eb shqipe n\u00eb Manastir, n\u00eb Maqedonin\u00eb e Veriut, vendlindjen e alfabetit shqip, ka qen\u00eb&#8230; <\/p>\n","protected":false},"author":1,"featured_media":7020,"comment_status":"open","ping_status":"open","sticky":false,"template":"","format":"standard","meta":{"footnotes":""},"categories":[6],"tags":[],"class_list":["post-7019","post","type-post","status-publish","format-standard","has-post-thumbnail","hentry","category-lajme"],"_links":{"self":[{"href":"https:\/\/new.findnews5.com\/index.php?rest_route=\/wp\/v2\/posts\/7019","targetHints":{"allow":["GET"]}}],"collection":[{"href":"https:\/\/new.findnews5.com\/index.php?rest_route=\/wp\/v2\/posts"}],"about":[{"href":"https:\/\/new.findnews5.com\/index.php?rest_route=\/wp\/v2\/types\/post"}],"author":[{"embeddable":true,"href":"https:\/\/new.findnews5.com\/index.php?rest_route=\/wp\/v2\/users\/1"}],"replies":[{"embeddable":true,"href":"https:\/\/new.findnews5.com\/index.php?rest_route=%2Fwp%2Fv2%2Fcomments&post=7019"}],"version-history":[{"count":0,"href":"https:\/\/new.findnews5.com\/index.php?rest_route=\/wp\/v2\/posts\/7019\/revisions"}],"wp:featuredmedia":[{"embeddable":true,"href":"https:\/\/new.findnews5.com\/index.php?rest_route=\/wp\/v2\/media\/7020"}],"wp:attachment":[{"href":"https:\/\/new.findnews5.com\/index.php?rest_route=%2Fwp%2Fv2%2Fmedia&parent=7019"}],"wp:term":[{"taxonomy":"category","embeddable":true,"href":"https:\/\/new.findnews5.com\/index.php?rest_route=%2Fwp%2Fv2%2Fcategories&post=7019"},{"taxonomy":"post_tag","embeddable":true,"href":"https:\/\/new.findnews5.com\/index.php?rest_route=%2Fwp%2Fv2%2Ftags&post=7019"}],"curies":[{"name":"wp","href":"https:\/\/api.w.org\/{rel}","templated":true}]}}