{"id":7013,"date":"2023-11-21T13:22:32","date_gmt":"2023-11-21T13:22:32","guid":{"rendered":"https:\/\/new.findnews5.com\/?p=7013"},"modified":"2023-11-21T13:22:33","modified_gmt":"2023-11-21T13:22:33","slug":"lajm-i-fundit-perfundon-seanca-ndaj-malltezit-e-berishes-gjykata-vendos-qe","status":"publish","type":"post","link":"https:\/\/new.findnews5.com\/?p=7013","title":{"rendered":"Lajm i Fundit\/ P\u00ebrfundon seanca ndaj Malltezit e Berish\u00ebs, Gjykata VENDOS q\u00eb\u2026"},"content":{"rendered":"<div class=\"78954ae5fa42b68c1393fe3da4998882\" data-index=\"1\" style=\"float: none; margin:0px 0 0px 0; text-align:center;\">\n<div data-type=\"_mgwidget\" data-widget-id=\"1576712\">\r\n<\/div>\r\n<script>(function(w,q){w[q]=w[q]||[];w[q].push([\"_mgc.load\"])})(window,\"_mgq\");\r\n<\/script>\r\n\n<\/div>\n<p>P\u00ebrfundoi n\u00eb GJKKO seanca e ankimimit t\u00eb vendimit ndaj Sali Berish\u00ebs dhe dh\u00ebndrit t\u00eb tij, Jamarb\u00ebr Malltezit. \u00c7\u00ebshtja u shqyrtua nga gjyqtarja Ilirjana Olldash e cila pas 8 or\u00ebsh diskutime vendosi q\u00eb seanca t\u00eb shtyhet p\u00ebr dit\u00ebn e nes\u00ebrme n\u00eb or\u00ebn 11:00 me argumentin se dosja \u201cPartizani\u201d ka nj\u00eb material voluminoz.<\/p>\n<p>Jamarb\u00ebr Malltezi ishte i pranish\u00ebm n\u00eb seanc\u00eb dhe dha sqarime p\u00ebr gjyqtaren n\u00eb lidhje me privatizimin e ish-klubit Partizani dhe procesin e nd\u00ebrtimit. Nd\u00ebrsa ish-kryeministri s\u00ebrish refuzoi SPAK-un dhe u p\u00ebrfaq\u00ebsua nga avokati i tij, Genc Gjokutaj.<\/p>\n<p>Avokat\u00ebt paraqit\u00ebn argumentat e tyre kund\u00ebr vendimit t\u00eb SPAK p\u00ebr mas\u00ebn \u201cDetyrim paraqitje\u201d dhe \u201cNdalim dalje jasht\u00eb shtetit\u201d ndaj Berish\u00ebs.<\/p>\n\n<div style=\"font-size: 0px; height: 0px; line-height: 0px; margin: 0; padding: 0; clear: both;\"><\/div>","protected":false},"excerpt":{"rendered":"<p>P\u00ebrfundoi n\u00eb GJKKO seanca e ankimimit t\u00eb vendimit ndaj Sali Berish\u00ebs dhe dh\u00ebndrit t\u00eb tij, Jamarb\u00ebr Malltezit. \u00c7\u00ebshtja u shqyrtua nga gjyqtarja Ilirjana Olldash e cila pas&#8230; <\/p>\n","protected":false},"author":1,"featured_media":7014,"comment_status":"open","ping_status":"open","sticky":false,"template":"","format":"standard","meta":{"footnotes":""},"categories":[6],"tags":[],"class_list":["post-7013","post","type-post","status-publish","format-standard","has-post-thumbnail","hentry","category-lajme"],"_links":{"self":[{"href":"https:\/\/new.findnews5.com\/index.php?rest_route=\/wp\/v2\/posts\/7013","targetHints":{"allow":["GET"]}}],"collection":[{"href":"https:\/\/new.findnews5.com\/index.php?rest_route=\/wp\/v2\/posts"}],"about":[{"href":"https:\/\/new.findnews5.com\/index.php?rest_route=\/wp\/v2\/types\/post"}],"author":[{"embeddable":true,"href":"https:\/\/new.findnews5.com\/index.php?rest_route=\/wp\/v2\/users\/1"}],"replies":[{"embeddable":true,"href":"https:\/\/new.findnews5.com\/index.php?rest_route=%2Fwp%2Fv2%2Fcomments&post=7013"}],"version-history":[{"count":0,"href":"https:\/\/new.findnews5.com\/index.php?rest_route=\/wp\/v2\/posts\/7013\/revisions"}],"wp:featuredmedia":[{"embeddable":true,"href":"https:\/\/new.findnews5.com\/index.php?rest_route=\/wp\/v2\/media\/7014"}],"wp:attachment":[{"href":"https:\/\/new.findnews5.com\/index.php?rest_route=%2Fwp%2Fv2%2Fmedia&parent=7013"}],"wp:term":[{"taxonomy":"category","embeddable":true,"href":"https:\/\/new.findnews5.com\/index.php?rest_route=%2Fwp%2Fv2%2Fcategories&post=7013"},{"taxonomy":"post_tag","embeddable":true,"href":"https:\/\/new.findnews5.com\/index.php?rest_route=%2Fwp%2Fv2%2Ftags&post=7013"}],"curies":[{"name":"wp","href":"https:\/\/api.w.org\/{rel}","templated":true}]}}