{"id":7010,"date":"2023-11-21T12:59:26","date_gmt":"2023-11-21T12:59:26","guid":{"rendered":"https:\/\/new.findnews5.com\/?p=7010"},"modified":"2023-11-21T12:59:27","modified_gmt":"2023-11-21T12:59:27","slug":"operacioni-i-spak-ku-u-arrestua-brecani-ne-pranga-edhe-djali-i-tij-ja-per-cfare-akuzohet","status":"publish","type":"post","link":"https:\/\/new.findnews5.com\/?p=7010","title":{"rendered":"Operacioni i SPAK ku u arrestua Bre\u00e7ani, n\u00eb pranga edhe djali i tij: Ja p\u00ebr \u00e7far\u00eb akuzohet\u2026"},"content":{"rendered":"<div class=\"78954ae5fa42b68c1393fe3da4998882\" data-index=\"1\" style=\"float: none; margin:0px 0 0px 0; text-align:center;\">\n<div data-type=\"_mgwidget\" data-widget-id=\"1576712\">\r\n<\/div>\r\n<script>(function(w,q){w[q]=w[q]||[];w[q].push([\"_mgc.load\"])})(window,\"_mgq\");\r\n<\/script>\r\n\n<\/div>\n<p>Ish drejtori i policis\u00eb s\u00eb Tiran\u00ebs Erzen Bre\u00e7ani \u00ebsht\u00eb shoq\u00ebruar n\u00eb polici. T\u00eb tjera detaje jan\u00eb zbardhur nga operacionit i SPAK, ku n\u00eb pranga u vu ish-zyrtari i lart\u00eb i policise, Erzen Bre\u00e7ani. <\/p>\n<p>Sipas \u201cNews24\u201d, n\u00eb pranga ka p\u00ebrfunduar edhe djali i tij i madh. Ai akuzohet p\u00ebr p\u00ebrkrahje t\u00eb autorit t\u00eb krimit n\u00eb nj\u00eb ngjarje kriminale.<\/p>\n<p>Operacioni i policis\u00eb \u00ebsht\u00eb zhvilluar pasditen e sotme (20 n\u00ebntor) me urdh\u00ebr t\u00eb Prokuroris\u00eb s\u00eb Posa\u00e7me, ku jan\u00eb l\u00ebshuar 11 urdh\u00ebr arreste.<\/p>\n<p>Akuzat p\u00ebr 11 te dyshuarit jan\u00eb: \u2018Pastrim parash\u2019, \u2018grup i strukturat kriminal\u2019, \u2018trafik droge\u2019, \u2018sigurim kushtesh p\u00ebr t\u00eb kryer vrasje\u2019, \u2018shp\u00ebrdorim detyre\u2019 dhe \u2018p\u00ebrkrahje e autorit t\u00eb krimit\u2019.<\/p>\n\n<div style=\"font-size: 0px; height: 0px; line-height: 0px; margin: 0; padding: 0; clear: both;\"><\/div>","protected":false},"excerpt":{"rendered":"<p>Ish drejtori i policis\u00eb s\u00eb Tiran\u00ebs Erzen Bre\u00e7ani \u00ebsht\u00eb shoq\u00ebruar n\u00eb polici. T\u00eb tjera detaje jan\u00eb zbardhur nga operacionit i SPAK, ku n\u00eb pranga u vu ish-zyrtari&#8230; <\/p>\n","protected":false},"author":1,"featured_media":7011,"comment_status":"open","ping_status":"open","sticky":false,"template":"","format":"standard","meta":{"footnotes":""},"categories":[6],"tags":[],"class_list":["post-7010","post","type-post","status-publish","format-standard","has-post-thumbnail","hentry","category-lajme"],"_links":{"self":[{"href":"https:\/\/new.findnews5.com\/index.php?rest_route=\/wp\/v2\/posts\/7010","targetHints":{"allow":["GET"]}}],"collection":[{"href":"https:\/\/new.findnews5.com\/index.php?rest_route=\/wp\/v2\/posts"}],"about":[{"href":"https:\/\/new.findnews5.com\/index.php?rest_route=\/wp\/v2\/types\/post"}],"author":[{"embeddable":true,"href":"https:\/\/new.findnews5.com\/index.php?rest_route=\/wp\/v2\/users\/1"}],"replies":[{"embeddable":true,"href":"https:\/\/new.findnews5.com\/index.php?rest_route=%2Fwp%2Fv2%2Fcomments&post=7010"}],"version-history":[{"count":0,"href":"https:\/\/new.findnews5.com\/index.php?rest_route=\/wp\/v2\/posts\/7010\/revisions"}],"wp:featuredmedia":[{"embeddable":true,"href":"https:\/\/new.findnews5.com\/index.php?rest_route=\/wp\/v2\/media\/7011"}],"wp:attachment":[{"href":"https:\/\/new.findnews5.com\/index.php?rest_route=%2Fwp%2Fv2%2Fmedia&parent=7010"}],"wp:term":[{"taxonomy":"category","embeddable":true,"href":"https:\/\/new.findnews5.com\/index.php?rest_route=%2Fwp%2Fv2%2Fcategories&post=7010"},{"taxonomy":"post_tag","embeddable":true,"href":"https:\/\/new.findnews5.com\/index.php?rest_route=%2Fwp%2Fv2%2Ftags&post=7010"}],"curies":[{"name":"wp","href":"https:\/\/api.w.org\/{rel}","templated":true}]}}