{"id":7007,"date":"2023-11-21T12:55:25","date_gmt":"2023-11-21T12:55:25","guid":{"rendered":"https:\/\/new.findnews5.com\/?p=7007"},"modified":"2023-11-21T12:55:27","modified_gmt":"2023-11-21T12:55:27","slug":"skeni-pare-asgje-paralajmerimi-i-vangjelit-kush-jane-vip-at-qe-do-te-arrestohen","status":"publish","type":"post","link":"https:\/\/new.findnews5.com\/?p=7007","title":{"rendered":"\u201cS\u2019keni par\u00eb asgj\u00eb!\u201d\/ Paralajm\u00ebrimi i Vangjelit: Kush jan\u00eb \u201cVIP\u201d-at q\u00eb do t\u00eb arrestohen\u2026"},"content":{"rendered":"<div class=\"78954ae5fa42b68c1393fe3da4998882\" data-index=\"1\" style=\"float: none; margin:0px 0 0px 0; text-align:center;\">\n<div data-type=\"_mgwidget\" data-widget-id=\"1576712\">\r\n<\/div>\r\n<script>(function(w,q){w[q]=w[q]||[];w[q].push([\"_mgc.load\"])})(window,\"_mgq\");\r\n<\/script>\r\n\n<\/div>\n<p>Analisti Lorenc Vangjeli u shpreh se n\u00eb \u201crrjet\u00ebn\u201d e SPAK do t\u00eb bien njer\u00ebz t\u00eb r\u00ebnd\u00ebsish\u00ebm t\u00eb politik\u00ebs dhe medias. Sipas Vangjelit, jan\u00eb disa ministra e ish-ministra q\u00eb mund t\u00eb arrestohen me urdh\u00ebr t\u00eb SPAK.<\/p>\n<p>\u201cDo t\u00eb shikojm\u00eb politikan\u00eb t\u00eb r\u00ebnd\u00ebsish\u00ebm q\u00eb kan\u00eb shk\u00eblqyer me \u2018make up-in\u2019 e tyre n\u00ebn drit\u00ebn e prozhektor\u00ebve, q\u00eb do t\u00eb shnd\u00ebrrohen n\u00eb bandit\u00eb t\u00eb r\u00ebndomt\u00eb. Ministra dhe ish-ministra, deputet\u00eb. S\u2019keni par\u00eb asgj\u00eb akoma, thoshte dikur Edi Rama.<\/p>\n<p>S\u2019keni par\u00eb gj\u00eb akoma duket sikur thot\u00eb Dumani dhe njer\u00ebzit e tij. Do t\u00eb ket\u00eb edhe njer\u00ebz t\u00eb r\u00ebnd\u00ebsish\u00ebm t\u00eb medias. Njer\u00ebz t\u00eb legjislativit, drejtues t\u00eb lart\u00eb t\u00eb policis\u00eb, ish dhe aktual\u00eb, madje edhe njer\u00ebz t\u00eb bot\u00ebs s\u00eb medias do te bien ne pranga. Nuk e di sa mund t\u00eb sigurohet drejt\u00ebsi, por q\u00eb do t\u00eb ket\u00eb nd\u00ebshkim, do t\u00eb ket\u00eb\u201d, u shpreh analisti.<\/p>\n\n<div style=\"font-size: 0px; height: 0px; line-height: 0px; margin: 0; padding: 0; clear: both;\"><\/div>","protected":false},"excerpt":{"rendered":"<p>Analisti Lorenc Vangjeli u shpreh se n\u00eb \u201crrjet\u00ebn\u201d e SPAK do t\u00eb bien njer\u00ebz t\u00eb r\u00ebnd\u00ebsish\u00ebm t\u00eb politik\u00ebs dhe medias. Sipas Vangjelit, jan\u00eb disa ministra e ish-ministra&#8230; <\/p>\n","protected":false},"author":1,"featured_media":7008,"comment_status":"open","ping_status":"open","sticky":false,"template":"","format":"standard","meta":{"footnotes":""},"categories":[6],"tags":[],"class_list":["post-7007","post","type-post","status-publish","format-standard","has-post-thumbnail","hentry","category-lajme"],"_links":{"self":[{"href":"https:\/\/new.findnews5.com\/index.php?rest_route=\/wp\/v2\/posts\/7007","targetHints":{"allow":["GET"]}}],"collection":[{"href":"https:\/\/new.findnews5.com\/index.php?rest_route=\/wp\/v2\/posts"}],"about":[{"href":"https:\/\/new.findnews5.com\/index.php?rest_route=\/wp\/v2\/types\/post"}],"author":[{"embeddable":true,"href":"https:\/\/new.findnews5.com\/index.php?rest_route=\/wp\/v2\/users\/1"}],"replies":[{"embeddable":true,"href":"https:\/\/new.findnews5.com\/index.php?rest_route=%2Fwp%2Fv2%2Fcomments&post=7007"}],"version-history":[{"count":0,"href":"https:\/\/new.findnews5.com\/index.php?rest_route=\/wp\/v2\/posts\/7007\/revisions"}],"wp:featuredmedia":[{"embeddable":true,"href":"https:\/\/new.findnews5.com\/index.php?rest_route=\/wp\/v2\/media\/7008"}],"wp:attachment":[{"href":"https:\/\/new.findnews5.com\/index.php?rest_route=%2Fwp%2Fv2%2Fmedia&parent=7007"}],"wp:term":[{"taxonomy":"category","embeddable":true,"href":"https:\/\/new.findnews5.com\/index.php?rest_route=%2Fwp%2Fv2%2Fcategories&post=7007"},{"taxonomy":"post_tag","embeddable":true,"href":"https:\/\/new.findnews5.com\/index.php?rest_route=%2Fwp%2Fv2%2Ftags&post=7007"}],"curies":[{"name":"wp","href":"https:\/\/api.w.org\/{rel}","templated":true}]}}