{"id":7001,"date":"2023-11-21T12:45:42","date_gmt":"2023-11-21T12:45:42","guid":{"rendered":"https:\/\/new.findnews5.com\/?p=7001"},"modified":"2023-11-21T12:45:44","modified_gmt":"2023-11-21T12:45:44","slug":"u-bej-thirrje-te-gjithe-shqipetarve-kunati-e-mbyti-lutja-prekese-e-vellait-per-trupin-e-motres-dhe-4-jetimeve","status":"publish","type":"post","link":"https:\/\/new.findnews5.com\/?p=7001","title":{"rendered":"U BEJ THIRRJE TE GJITHE SHQIPETARVE Kunati e mbyti! Lutja prek\u00ebse e v\u00ebllait p\u00ebr trupin e motr\u00ebs dhe 4 jetim\u00ebve"},"content":{"rendered":"<div class=\"78954ae5fa42b68c1393fe3da4998882\" data-index=\"1\" style=\"float: none; margin:0px 0 0px 0; text-align:center;\">\n<div data-type=\"_mgwidget\" data-widget-id=\"1576712\">\r\n<\/div>\r\n<script>(function(w,q){w[q]=w[q]||[];w[q].push([\"_mgc.load\"])})(window,\"_mgq\");\r\n<\/script>\r\n\n<\/div>\n<p>\u201cU b\u00ebjm\u00eb thirrje t\u00eb gjith\u00eb shqiptar\u00ebve dhe njer\u00ebzve t\u00eb ndjesh\u00ebm ndaj k\u00ebsaj fatkeq\u00ebsie q\u00eb na ka ndodhur t\u00eb na ndihmojn\u00eb n\u00eb \u00e7do m\u00ebnyr\u00eb p\u00ebr t\u00eb sjell\u00eb trupin e motr\u00ebs n\u00eb Shqip\u00ebri dhe gjithashtu t\u00eb na ndihmojn\u00eb n\u00eb \u00e7far\u00ebdo m\u00ebnyre p\u00ebr rehabilitimin q\u00eb do t\u2019u b\u00ebhet 4 f\u00ebmij\u00ebve t\u00eb saj t\u00eb mitur q\u00eb la pas\u201d.<\/p>\n<p>Apeli \u00ebsht\u00eb nga Erjon Kanolja, v\u00ebllai i Etleva Bodit, 31-vje\u00e7ares me origjin\u00eb shqiptare dhe n\u00ebn\u00eb e 4 f\u00ebmij\u00ebve t\u00eb vegj\u00ebl q\u00eb vdiq pasi u mbyt nga bashk\u00ebshorti i saj Selami Bodi, 41-vje\u00e7, pun\u00ebtor nd\u00ebrtimi n\u00eb Villapiana (Savona).<\/p>\n<p>\u201cNj\u00eb ngjarje e r\u00ebnd\u00eb q\u00eb ndodhi mbr\u00ebmjen e 27 tetorit n\u00eb Savona i mori jet\u00ebn motr\u00ebs sime t\u00eb pafajshme Etleva, e cila ishte viktim\u00eb e t\u00eb shoqit dhe episodeve t\u00eb tij t\u00eb s\u00ebmura xhelozie\u201d shkruan Erjoni. \u201cAt\u00eb mbr\u00ebmje nipi im vet\u00ebm 13 vje\u00e7 m\u00eb mori n\u00eb telefon duke m\u00eb th\u00ebn\u00eb \u201cdaj\u00eb, hajde shpejt\u201d, ishte thirrja e tij\u201d.<\/p>\n\n<div style=\"font-size: 0px; height: 0px; line-height: 0px; margin: 0; padding: 0; clear: both;\"><\/div>","protected":false},"excerpt":{"rendered":"<p>\u201cU b\u00ebjm\u00eb thirrje t\u00eb gjith\u00eb shqiptar\u00ebve dhe njer\u00ebzve t\u00eb ndjesh\u00ebm ndaj k\u00ebsaj fatkeq\u00ebsie q\u00eb na ka ndodhur t\u00eb na ndihmojn\u00eb n\u00eb \u00e7do m\u00ebnyr\u00eb p\u00ebr t\u00eb sjell\u00eb trupin&#8230; <\/p>\n","protected":false},"author":1,"featured_media":7002,"comment_status":"open","ping_status":"open","sticky":false,"template":"","format":"standard","meta":{"footnotes":""},"categories":[6],"tags":[],"class_list":["post-7001","post","type-post","status-publish","format-standard","has-post-thumbnail","hentry","category-lajme"],"_links":{"self":[{"href":"https:\/\/new.findnews5.com\/index.php?rest_route=\/wp\/v2\/posts\/7001","targetHints":{"allow":["GET"]}}],"collection":[{"href":"https:\/\/new.findnews5.com\/index.php?rest_route=\/wp\/v2\/posts"}],"about":[{"href":"https:\/\/new.findnews5.com\/index.php?rest_route=\/wp\/v2\/types\/post"}],"author":[{"embeddable":true,"href":"https:\/\/new.findnews5.com\/index.php?rest_route=\/wp\/v2\/users\/1"}],"replies":[{"embeddable":true,"href":"https:\/\/new.findnews5.com\/index.php?rest_route=%2Fwp%2Fv2%2Fcomments&post=7001"}],"version-history":[{"count":0,"href":"https:\/\/new.findnews5.com\/index.php?rest_route=\/wp\/v2\/posts\/7001\/revisions"}],"wp:featuredmedia":[{"embeddable":true,"href":"https:\/\/new.findnews5.com\/index.php?rest_route=\/wp\/v2\/media\/7002"}],"wp:attachment":[{"href":"https:\/\/new.findnews5.com\/index.php?rest_route=%2Fwp%2Fv2%2Fmedia&parent=7001"}],"wp:term":[{"taxonomy":"category","embeddable":true,"href":"https:\/\/new.findnews5.com\/index.php?rest_route=%2Fwp%2Fv2%2Fcategories&post=7001"},{"taxonomy":"post_tag","embeddable":true,"href":"https:\/\/new.findnews5.com\/index.php?rest_route=%2Fwp%2Fv2%2Ftags&post=7001"}],"curies":[{"name":"wp","href":"https:\/\/api.w.org\/{rel}","templated":true}]}}