{"id":6997,"date":"2023-11-21T12:41:05","date_gmt":"2023-11-21T12:41:05","guid":{"rendered":"https:\/\/new.findnews5.com\/?p=6997"},"modified":"2023-11-21T12:41:06","modified_gmt":"2023-11-21T12:41:06","slug":"eksluzive-po-vjen-ndryshimi-i-madh-moderatorja-e-njohur-sonila-meco-jep-lajmin-e-madh-ja-cfare-pritet-te-ndodhe-ditet-ne-vijim","status":"publish","type":"post","link":"https:\/\/new.findnews5.com\/?p=6997","title":{"rendered":"Eksluzive : Po vjen ndryshimi i madh\/Moderatorja e Njohur Sonila Meco jep lajmin e madh; Ja cfar\u00eb pritet t\u00eb ndodh\u00eb dit\u00ebt n\u00eb Vijim..!!"},"content":{"rendered":"<div class=\"78954ae5fa42b68c1393fe3da4998882\" data-index=\"1\" style=\"float: none; margin:0px 0 0px 0; text-align:center;\">\n<div data-type=\"_mgwidget\" data-widget-id=\"1576712\">\r\n<\/div>\r\n<script>(function(w,q){w[q]=w[q]||[];w[q].push([\"_mgc.load\"])})(window,\"_mgq\");\r\n<\/script>\r\n\n<\/div>\n<p>E njihni djalin e vog\u00ebl n\u00eb foto? Ai \u00ebsht\u00eb nj\u00eb yll legjendar i m\u03c5zik\u00ebs\u2026<br \/>\nModeratorja e mir\u00ebnjohur sonila Me\u00e7o ka trazuar ujrat n\u00eb rrjet vet\u00ebm me publikim e nj\u00eb foto n\u00eb InstaStory. Moderatorja ka publikuar nj\u00eb foto n\u00eb t\u00eb cil\u00ebn lexohet:<\/p>\n<p>Ndryshimi po t\u00eb telefonon. Ajo e ka shoq\u00ebruar foton me emojin me fytyra me zemra dhe duket shum\u00eb e lumtur p\u00ebr k\u00ebt\u00eb fak.<\/p>\n<p>Por duke l\u00ebn\u00eb t\u00eb fshehta detajet, aludimet e shumta kan\u00eb nisur. A ka lidhje ky ndryshim me jet\u00ebn peronale t\u00eb Sonila Me\u00e7os apo me karrier\u00ebn? Na mbetet t\u00eb presim.<br \/>\nSht\u03b3\u2019p hapsiren rek.lam\u03c5ese me p\u03c3shte per te ndjek\u03c5r vide\u03c3n \u2193\u2193 artik\u03c5lli vazhd\u03c3n..<\/p>\n<p>Kujtojm\u00eb se moderatorja dhe bashk\u00ebshorti i saj, Drini Jasa jan\u00eb prind\u00ebr t\u00eb nj\u00eb vajze 9-vje\u00e7are, Amaris dhe aktualisht Sonila Me\u00e7o po moderon emisonin \u201cTempora\u201d n\u00eb Ora News.<\/p>\n\n<div style=\"font-size: 0px; height: 0px; line-height: 0px; margin: 0; padding: 0; clear: both;\"><\/div>","protected":false},"excerpt":{"rendered":"<p>E njihni djalin e vog\u00ebl n\u00eb foto? Ai \u00ebsht\u00eb nj\u00eb yll legjendar i m\u03c5zik\u00ebs\u2026 Moderatorja e mir\u00ebnjohur sonila Me\u00e7o ka trazuar ujrat n\u00eb rrjet vet\u00ebm me publikim&#8230; <\/p>\n","protected":false},"author":1,"featured_media":6998,"comment_status":"open","ping_status":"open","sticky":false,"template":"","format":"standard","meta":{"footnotes":""},"categories":[6],"tags":[],"class_list":["post-6997","post","type-post","status-publish","format-standard","has-post-thumbnail","hentry","category-lajme"],"_links":{"self":[{"href":"https:\/\/new.findnews5.com\/index.php?rest_route=\/wp\/v2\/posts\/6997","targetHints":{"allow":["GET"]}}],"collection":[{"href":"https:\/\/new.findnews5.com\/index.php?rest_route=\/wp\/v2\/posts"}],"about":[{"href":"https:\/\/new.findnews5.com\/index.php?rest_route=\/wp\/v2\/types\/post"}],"author":[{"embeddable":true,"href":"https:\/\/new.findnews5.com\/index.php?rest_route=\/wp\/v2\/users\/1"}],"replies":[{"embeddable":true,"href":"https:\/\/new.findnews5.com\/index.php?rest_route=%2Fwp%2Fv2%2Fcomments&post=6997"}],"version-history":[{"count":0,"href":"https:\/\/new.findnews5.com\/index.php?rest_route=\/wp\/v2\/posts\/6997\/revisions"}],"wp:featuredmedia":[{"embeddable":true,"href":"https:\/\/new.findnews5.com\/index.php?rest_route=\/wp\/v2\/media\/6998"}],"wp:attachment":[{"href":"https:\/\/new.findnews5.com\/index.php?rest_route=%2Fwp%2Fv2%2Fmedia&parent=6997"}],"wp:term":[{"taxonomy":"category","embeddable":true,"href":"https:\/\/new.findnews5.com\/index.php?rest_route=%2Fwp%2Fv2%2Fcategories&post=6997"},{"taxonomy":"post_tag","embeddable":true,"href":"https:\/\/new.findnews5.com\/index.php?rest_route=%2Fwp%2Fv2%2Ftags&post=6997"}],"curies":[{"name":"wp","href":"https:\/\/api.w.org\/{rel}","templated":true}]}}