{"id":6987,"date":"2023-11-21T00:40:04","date_gmt":"2023-11-21T00:40:04","guid":{"rendered":"https:\/\/new.findnews5.com\/?p=6987"},"modified":"2023-11-21T00:40:06","modified_gmt":"2023-11-21T00:40:06","slug":"xhelozojne-arbana-hapi-restorantin-e-saj-nuk-do-ta-besoni-reagimin-e-motrave-hoxha","status":"publish","type":"post","link":"https:\/\/new.findnews5.com\/?p=6987","title":{"rendered":"XHELOZOJNE!? Arbana hapi restorantin e saj, nuk do ta besoni REAGIMIN e motrave Hoxha\u2026"},"content":{"rendered":"<div class=\"78954ae5fa42b68c1393fe3da4998882\" data-index=\"1\" style=\"float: none; margin:0px 0 0px 0; text-align:center;\">\n<div data-type=\"_mgwidget\" data-widget-id=\"1576712\">\r\n<\/div>\r\n<script>(function(w,q){w[q]=w[q]||[];w[q].push([\"_mgc.load\"])})(window,\"_mgq\");\r\n<\/script>\r\n\n<\/div>\n<p>Sot, Arbana ka hapur restorantin e ri \u201cBana\u2019s\u201d te \u201cPiramida\u201d, gj\u00eb q\u00eb Arbana e lajm\u00ebroi zyrtarisht dje p\u00ebrmes nj\u00eb postimi n\u00eb Instagram, ku lajm\u00ebroi gjithashtu se s\u00ebrish do t\u00eb jet\u00eb n\u00eb ekran, pa dh\u00ebn\u00eb detaje n\u00ebse do t\u00eb jet\u00eb me BBV apo ndonj\u00eb program tjet\u00ebr.<\/p>\n<p>Nd\u00ebrsa, Arbana njoftoi hapjen e restorantit, mes shum\u00eb reagimesh nga miq e koleg\u00eb, syt\u00eb tan\u00eb ishin te reagimi i Sara dhe Lori Hoxh\u00ebs, n\u00ebse do t\u00eb reagonin p\u00ebr projektin e ri t\u00eb Arban\u00ebs.<\/p>\n<p>Dhe po, motrat Hoxha kan\u00eb reaguar.<\/p>\n<p>Sara ka komentuar n\u00eb postimin e Arban\u00ebs, nd\u00ebrsa Lori pak m\u00eb e \u201cftoht\u00eb\u201d n\u00eb reagimin e saj, ka vendosur t\u00eb p\u00eblqej\u00eb postimin e moderatores. Pra, edhe n\u00ebse ka pasur v\u00ebrtet tensione mes vajzave, duket se ato tashm\u00eb n\u00eb nj\u00eb far\u00eb forme jan\u00eb zgjidhur, ndon\u00ebse reagimi i Lorit me vet\u00ebm nj\u00eb p\u00eblqim, l\u00eb ende vend p\u00ebr pik\u00ebpyetje.<\/p>\n\n<div style=\"font-size: 0px; height: 0px; line-height: 0px; margin: 0; padding: 0; clear: both;\"><\/div>","protected":false},"excerpt":{"rendered":"<p>Sot, Arbana ka hapur restorantin e ri \u201cBana\u2019s\u201d te \u201cPiramida\u201d, gj\u00eb q\u00eb Arbana e lajm\u00ebroi zyrtarisht dje p\u00ebrmes nj\u00eb postimi n\u00eb Instagram, ku lajm\u00ebroi gjithashtu se s\u00ebrish&#8230; <\/p>\n","protected":false},"author":1,"featured_media":6988,"comment_status":"open","ping_status":"open","sticky":false,"template":"","format":"standard","meta":{"footnotes":""},"categories":[6],"tags":[],"class_list":["post-6987","post","type-post","status-publish","format-standard","has-post-thumbnail","hentry","category-lajme"],"_links":{"self":[{"href":"https:\/\/new.findnews5.com\/index.php?rest_route=\/wp\/v2\/posts\/6987","targetHints":{"allow":["GET"]}}],"collection":[{"href":"https:\/\/new.findnews5.com\/index.php?rest_route=\/wp\/v2\/posts"}],"about":[{"href":"https:\/\/new.findnews5.com\/index.php?rest_route=\/wp\/v2\/types\/post"}],"author":[{"embeddable":true,"href":"https:\/\/new.findnews5.com\/index.php?rest_route=\/wp\/v2\/users\/1"}],"replies":[{"embeddable":true,"href":"https:\/\/new.findnews5.com\/index.php?rest_route=%2Fwp%2Fv2%2Fcomments&post=6987"}],"version-history":[{"count":0,"href":"https:\/\/new.findnews5.com\/index.php?rest_route=\/wp\/v2\/posts\/6987\/revisions"}],"wp:featuredmedia":[{"embeddable":true,"href":"https:\/\/new.findnews5.com\/index.php?rest_route=\/wp\/v2\/media\/6988"}],"wp:attachment":[{"href":"https:\/\/new.findnews5.com\/index.php?rest_route=%2Fwp%2Fv2%2Fmedia&parent=6987"}],"wp:term":[{"taxonomy":"category","embeddable":true,"href":"https:\/\/new.findnews5.com\/index.php?rest_route=%2Fwp%2Fv2%2Fcategories&post=6987"},{"taxonomy":"post_tag","embeddable":true,"href":"https:\/\/new.findnews5.com\/index.php?rest_route=%2Fwp%2Fv2%2Ftags&post=6987"}],"curies":[{"name":"wp","href":"https:\/\/api.w.org\/{rel}","templated":true}]}}