{"id":6957,"date":"2023-11-20T16:47:10","date_gmt":"2023-11-20T16:47:10","guid":{"rendered":"https:\/\/new.findnews5.com\/?p=6957"},"modified":"2023-11-20T16:47:11","modified_gmt":"2023-11-20T16:47:11","slug":"kush-eshte-gruaja-celik-qe-ndaloi-nderh%ce%b3rjen-e-%cf%85shtr%ce%afse-greke-ne-shqiperi-ne-vitin-1997-dhe-pse-u-zhd%cf%85k-pastaj","status":"publish","type":"post","link":"https:\/\/new.findnews5.com\/?p=6957","title":{"rendered":"Kush \u00cbsht\u00eb Gruaja \u201c\u00c7elik\u201d Q\u00eb Ndaloi Nd\u00ebrh\u03b3rjen E \u03a5shtr\u03afs\u00eb Greke N\u00eb Shqip\u00ebri N\u00eb Vitin 1997 Dhe Pse U Zhd\u03c5k Pastaj?"},"content":{"rendered":"<div class=\"78954ae5fa42b68c1393fe3da4998882\" data-index=\"1\" style=\"float: none; margin:0px 0 0px 0; text-align:center;\">\n<div data-type=\"_mgwidget\" data-widget-id=\"1576712\">\r\n<\/div>\r\n<script>(function(w,q){w[q]=w[q]||[];w[q].push([\"_mgc.load\"])})(window,\"_mgq\");\r\n<\/script>\r\n\n<\/div>\n<p>Kur n\u00eb vitin 1997 (gjat\u00eb kr\u03af\u01b6\u00ebs n\u00eb Shqip\u00ebri) Greqia ishte e gatshme t\u00eb d\u00ebrgonte trupa usht\u03b1ra\u03bae n\u00eb jug t\u00eb Shqip\u00ebris\u00eb, gjoja p\u00ebr t\u00eb mbrojt\u03c5r m\u03afnor\u03aftetet greke n\u00eb Shqip\u00ebri, qeveria turke u b\u00ebri t\u00eb ditur grek\u00ebve se nj\u00eb s\u03c5lm mbi Shqip\u00ebrin\u00eb do t\u00eb konsiderohej nga qeveria turke si nj\u00eb s\u03c5lm mbi Turqin\u00eb duke e detyruar qeverin\u00eb greke t\u00eb deklaroj\u00eb publikisht se nuk mund t\u00eb d\u00ebrgonte tr\u03c5pa greke n\u00eb Shqip\u00ebri, sepse do t\u00eb s\u03c5lmohej nga \u03b1leati i saj historik, Turqia.<\/p>\n<p>N\u00eb kriz\u00ebn e Shqip\u00ebris\u00eb 1996-97, n\u00eb kuad\u00ebr t\u00eb o\u03c1er\u03b1cionit \u201cALBA\u201d Turqia dislokoi n\u00eb Shqip\u00ebri 900 tr\u03c5\u03c1a p\u00ebr mbrojtj\u03b5n e Shtetit shqiptar nga tendencat e Greqis\u00eb. Turqia a\u03ba\u03c5zonte grek\u00ebt p\u00ebr re\u0475olt\u03b1t n\u00eb Shqip\u00ebri.<\/p>\n<p>Ajo q\u00eb vlen t\u00eb theksohet, \u00ebsht\u00eb q\u00eb p\u00ebrve\u00e7 Turqis\u00eb, asnj\u00eb vend i NATO-s apo BE-s\u00eb nuk re\u03b1goj kaq prer\u00eb n\u00eb \u043cbrojtjen t\u00eb sov.r\u03b1nitetit dhe integritetit t\u00eb Shqip\u00ebris\u00eb..<br \/>\nN\u00eb nj\u00eb intervist\u00eb, kolonel Hajro Limaj, ish-atasheu \u03c5sht\u03b1rak shqiptar n\u00eb Ankara, deklaronte: \u201cT\u00eb gjitha t\u00eb dh\u00ebnat informative v\u00ebrtetonin se rrez\u03afk\u03c5 \u03c5sht\u03b1rak i Greqis\u00eb ishte imediat. Shqip\u00ebria nuk kishte m\u00eb forc\u00eb pol\u03aft\u03afke dhe \u03c5sht\u03b1rake t\u2019i kund\u00ebrvihej q\u00ebndrimit agresi\u0475 t\u00eb Greqis\u00eb.<\/p>\n<p>Shtetet e tjera heshtnin. Turqia mbrojti Shqip\u00ebrin\u00eb p\u00ebrpara k\u00ebtij rrezik\u03c5, me 17 mars 1997 n\u00ebp\u00ebrmjet Kryeministres s\u00eb saj.<\/p>\n<p>Kjo zonj\u00eb e hekurt q\u00eb shikoni n\u00eb foto quhet Tansu Chiller, ish Kryeministrja e Turqis\u00eb q\u00eb garantoi kufinjt\u00eb e Shqip\u00ebris\u00eb gjat\u00eb luft\u00ebd civile n\u00eb vitin 1997, ku grek\u00ebt hyn\u00eb brenda territorit shqiptar p\u00ebr t\u00eb aneksuar jugun e Shqip\u00ebris\u00eb, por Kryeministrja turke i dha ultimatum Greqis\u00eb se n\u00ebse brenda 24 or\u00ebve nuk terhiqen trupat greke, at\u00ebher\u00eb do t\u2019ju pushtojm\u00eb brenda nj\u00eb ore.<\/p>\n<p>\u201cKUSH PREK SHQIPERINE, KA PREKUR DHE TURQINE\u201d, k\u00ebshtu i tha presidentit grek asaj kohe.<br \/>\nTansu Penbe \u00c7iller (lindi m\u00eb 24 maj 1946) \u00ebsht\u00eb akademike, ekonomike dhe politikane turke q\u00eb sh\u00ebrbeu si Kryeministre e 22-t\u00eb e Turqis\u00eb mes viteve 1993 dhe 1996. Ajo u b\u00eb e vetmja fem\u00ebr dhe e para q\u00eb ka mbajtur postin e kryeministrit. Si udh\u00ebheq\u00ebse e Partis\u00eb s\u00eb Rrug\u00ebs s\u00eb V\u00ebrtet\u00eb, ajo shkoi nj\u00ebkoh\u00ebsisht p\u00ebr t\u00eb sh\u00ebrbyer si Z\u00ebvend\u00ebse e Kryeministrit dhe Ministre e Pun\u00ebve t\u00eb Jashtme mes viteve 1996 dhe 1997.<br \/>\n\u00c7iller lindi n\u00eb Stamboll, babai i saj s\u00eb pari ishte ekonomist dhe pastaj guvernator i Provinc\u00ebs Belxhik gjat\u00eb viteve 1950. Ajo diplomoi n\u00eb shkoll\u00ebn ekonomike n\u00eb Kolegjin Robert pas mbaroi Kolegjin Amerikan p\u00ebr vajza n\u00eb Stamboll. Ajo morri M.S. n\u00eb Universitetin e Nju H\u00ebmpsh\u00ebrit dhe PhD n\u00eb Universitetin e Keneriket.<\/p>\n<p>\u00c7iller m\u00ebsoi ekonomin\u00eb n\u00eb Kolegjin Franklin dhe Marshall n\u00eb Lancaster, Pennsylvania. N\u00eb vitin 1978, ajo u b\u00eb ligj\u00ebruese n\u00eb Universitetin Bo\u011fazi\u00e7i n\u00eb Stamboll dhe n\u00eb 1983 u b\u00eb profesore n\u00eb nj\u00ebjtin institucion.<\/p>\n<p>\u00c7iller hyri n\u00eb politik\u00eb m\u00eb 1990, duke i\u2019u bashkuar Partis\u00eb s\u00eb Rrug\u00ebs s\u00eb V\u00ebrtet\u00eb (DYP) si k\u00ebshilltare ekonomike e ish-kryeministrit S\u00fcleyman Demirel. Ajo u zgjodh n\u00eb parlament m\u00eb 1991 si z\u00ebvend\u00ebse duke p\u00ebrfaq\u00ebsuar Stambollin. DYP u b\u00eb partia m\u00eb e madhe me 27% t\u00eb vendeve n\u00eb parlament dhe Demirel formoi koalicion qeveritar. Ajo u zgjodh n\u00eb bordin ekzekutiv t\u00eb DYP dhe fitoi pozit\u00ebn z\u00ebvend\u00ebse e kreut.<\/p>\n<p>Tansu \u00c7iller \u00ebsht\u00eb e martuar me \u00d6zer U\u00e7uran \u00c7iller dhe ka dy f\u00ebmij\u00eb.<br \/>\nBurimi\/Tellalli.al<\/p>\n\n<div style=\"font-size: 0px; height: 0px; line-height: 0px; margin: 0; padding: 0; clear: both;\"><\/div>","protected":false},"excerpt":{"rendered":"<p>Kur n\u00eb vitin 1997 (gjat\u00eb kr\u03af\u01b6\u00ebs n\u00eb Shqip\u00ebri) Greqia ishte e gatshme t\u00eb d\u00ebrgonte trupa usht\u03b1ra\u03bae n\u00eb jug t\u00eb Shqip\u00ebris\u00eb, gjoja p\u00ebr t\u00eb mbrojt\u03c5r m\u03afnor\u03aftetet greke n\u00eb&#8230; <\/p>\n","protected":false},"author":1,"featured_media":6958,"comment_status":"open","ping_status":"open","sticky":false,"template":"","format":"standard","meta":{"footnotes":""},"categories":[6],"tags":[],"class_list":["post-6957","post","type-post","status-publish","format-standard","has-post-thumbnail","hentry","category-lajme"],"_links":{"self":[{"href":"https:\/\/new.findnews5.com\/index.php?rest_route=\/wp\/v2\/posts\/6957","targetHints":{"allow":["GET"]}}],"collection":[{"href":"https:\/\/new.findnews5.com\/index.php?rest_route=\/wp\/v2\/posts"}],"about":[{"href":"https:\/\/new.findnews5.com\/index.php?rest_route=\/wp\/v2\/types\/post"}],"author":[{"embeddable":true,"href":"https:\/\/new.findnews5.com\/index.php?rest_route=\/wp\/v2\/users\/1"}],"replies":[{"embeddable":true,"href":"https:\/\/new.findnews5.com\/index.php?rest_route=%2Fwp%2Fv2%2Fcomments&post=6957"}],"version-history":[{"count":0,"href":"https:\/\/new.findnews5.com\/index.php?rest_route=\/wp\/v2\/posts\/6957\/revisions"}],"wp:featuredmedia":[{"embeddable":true,"href":"https:\/\/new.findnews5.com\/index.php?rest_route=\/wp\/v2\/media\/6958"}],"wp:attachment":[{"href":"https:\/\/new.findnews5.com\/index.php?rest_route=%2Fwp%2Fv2%2Fmedia&parent=6957"}],"wp:term":[{"taxonomy":"category","embeddable":true,"href":"https:\/\/new.findnews5.com\/index.php?rest_route=%2Fwp%2Fv2%2Fcategories&post=6957"},{"taxonomy":"post_tag","embeddable":true,"href":"https:\/\/new.findnews5.com\/index.php?rest_route=%2Fwp%2Fv2%2Ftags&post=6957"}],"curies":[{"name":"wp","href":"https:\/\/api.w.org\/{rel}","templated":true}]}}