{"id":6937,"date":"2023-11-20T15:38:12","date_gmt":"2023-11-20T15:38:12","guid":{"rendered":"https:\/\/new.findnews5.com\/?p=6937"},"modified":"2023-11-20T15:38:13","modified_gmt":"2023-11-20T15:38:13","slug":"greket-na-vodhen-historine-akademiku-pirroja-i-epirit-akili-dhe-aleksandri-i-madh-jane-paraardhes-te-shqiptareve","status":"publish","type":"post","link":"https:\/\/new.findnews5.com\/?p=6937","title":{"rendered":"\u201cGrek\u00ebt na vodh\u00ebn historin\u00eb\u201d, akademiku: Pirroja i Epirit, Akili dhe Aleksandri i Madh jan\u00eb paraardh\u00ebs t\u00eb shqiptar\u00ebve"},"content":{"rendered":"<div class=\"78954ae5fa42b68c1393fe3da4998882\" data-index=\"1\" style=\"float: none; margin:0px 0 0px 0; text-align:center;\">\n<div data-type=\"_mgwidget\" data-widget-id=\"1576712\">\r\n<\/div>\r\n<script>(function(w,q){w[q]=w[q]||[];w[q].push([\"_mgc.load\"])})(window,\"_mgq\");\r\n<\/script>\r\n\n<\/div>\n<p> Akademiku Apollon Ba\u00e7e hedh posht\u00eb versionin zyrtar q\u00eb Pirro, Akili dhe Aleksandri i Madh jan\u00eb me origjin\u00eb greke dhe maqedonase.<\/p>\n<p>Sipas tij, Greqia ka vjedhur dhe manipuluar historin\u00eb. K\u00ebt\u00eb deklarat\u00eb Ba\u00e7e e b\u00ebri  n\u00eb emisionin \u201cHard Talk\u201d nga Roland Qafoku. -Aleksandri ishte maqedonas profesor?<\/p>\n<p>Nuk ka maqedonas. E \u00ebma e Filipit \u00ebsht\u00eb nga Lynkes\u00ebt, i ati i Filipit Herodoti tregon nj\u00eb histori ku thot\u00eb se ishin tre v\u00ebllez\u00ebr q\u00eb shkojn\u00eb t\u00eb punojn\u00eb n\u00eb Teb\u00eb t\u00eb Greqis\u00eb dhe pastaj prishen me t\u00eb zotin ngaq\u00eb nuk po iu jepte lek\u00ebt dhe iu thot\u00eb merrni rrezen e diellit. Ky e merr rrezen e diellit dhe ky e kupton q\u00eb k\u00ebta e grabit\u00ebn, ikin i gj\u00ebmojn\u00eb mbrapa dhe p\u00ebrfundojn\u00eb n\u00eb Iliri. Jetojn\u00eb aty disa vjet pastaj q\u00eb andej shkojn\u00eb n\u00eb Maqedoni.<\/p>\n<p>-P\u00ebrderisa Pirro thoshte jam pasardh\u00ebs i Akilit, Sk\u00ebnderbeu thoshte jam pasardh\u00ebs i Pirros, tani Akili ishte yni apo i grek\u00ebve?<\/p>\n<p>Momsini na thot\u00eb k\u00ebto fjal\u00eb: Epiriot\u00ebt trima shqiptar\u00eb t\u00eb antikitetit mb\u00ebshtet\u00ebn me besnik\u00ebri tradicionale dhe entuziaz\u00ebm rinor djaloshin e guximsh\u00ebm Pirro, \u201cShqiponja\u201d si\u00e7 e quanin ata.<\/p>\n<p>Po qe se lexohet me kujdes Iliada, ajo fillon me vajtimin q\u00eb i thuhet Athinas\u00eb \u201cAi q\u00eb na shkat\u00ebrroi heronjt\u00eb tan\u00eb, ai q\u00eb i b\u00ebri ushqim p\u00ebr qent\u00eb dhe zogjt\u00eb e eg\u00ebrr, ai q\u00eb na prishi rinin\u00eb dhe ushtrin\u00eb ton\u00eb, Akili.\u201d<\/p>\n<p>Akili q\u00eb ka hyr\u00eb n\u00eb luft\u00ebn e Troj\u00ebs, ke nj\u00eb autor tjet\u00ebr tregon k\u00ebt\u00eb q\u00eb, nuk ka mund\u00ebsi ta marrim k\u00ebt\u00eb n\u00ebse nuk marrim mjeshtrin e zaptimit t\u00eb qyteteve q\u00eb \u00ebsht\u00eb Akili. Akili vjen si mercenar.<\/p>\n<p>-Nga erdhi?<\/p>\n<p>Akili \u00ebsht\u00eb nga zona e Dodon\u00ebs, andej vjen ai. Dodona i p\u00ebrkiste fisit t\u00eb Molos\u00ebve.<\/p>\n<p>-Dometh\u00ebn\u00eb nuk ishte grek?<\/p>\n<p>Absolutisht nuk ishte grek. Kur Akili i lutet Zeusit i thot\u00eb: \u201cAshtu si\u00e7 m\u00e7 ke ndihmuar at\u00ebher\u00eb, ma sill Patroklin gjall\u00eb nga lufta.\u201d Ashtu si\u00e7 me ke ndihmuar at\u00ebher\u00eb, pra  kur shpartalloi Akejt\u00eb, akejt\u00eb ishin grek\u00eb n\u00eb at\u00eb koh\u00eb. At\u00ebher\u00eb ky njeri q\u00eb ka shpartalluar ushtrin\u00eb e akejve, at\u00ebher\u00eb si mund t\u00eb jet\u00eb grek ky njeri q\u00eb i ka shpartalluar ushtrin\u00eb e grek\u00ebve? Tjet\u00ebr \u00ebsht\u00eb edhe lista e qyteteve q\u00eb ky ka shpartalluar.<\/p>\n<p>-Sa qytete jan\u00eb?<\/p>\n<p>-26, dhe nga k\u00ebta 26, 25 jan\u00eb grek\u00eb.<\/p>\n\n<div style=\"font-size: 0px; height: 0px; line-height: 0px; margin: 0; padding: 0; clear: both;\"><\/div>","protected":false},"excerpt":{"rendered":"<p>Akademiku Apollon Ba\u00e7e hedh posht\u00eb versionin zyrtar q\u00eb Pirro, Akili dhe Aleksandri i Madh jan\u00eb me origjin\u00eb greke dhe maqedonase. Sipas tij, Greqia ka vjedhur dhe manipuluar&#8230; <\/p>\n","protected":false},"author":1,"featured_media":6938,"comment_status":"open","ping_status":"open","sticky":false,"template":"","format":"standard","meta":{"footnotes":""},"categories":[6],"tags":[],"class_list":["post-6937","post","type-post","status-publish","format-standard","has-post-thumbnail","hentry","category-lajme"],"_links":{"self":[{"href":"https:\/\/new.findnews5.com\/index.php?rest_route=\/wp\/v2\/posts\/6937","targetHints":{"allow":["GET"]}}],"collection":[{"href":"https:\/\/new.findnews5.com\/index.php?rest_route=\/wp\/v2\/posts"}],"about":[{"href":"https:\/\/new.findnews5.com\/index.php?rest_route=\/wp\/v2\/types\/post"}],"author":[{"embeddable":true,"href":"https:\/\/new.findnews5.com\/index.php?rest_route=\/wp\/v2\/users\/1"}],"replies":[{"embeddable":true,"href":"https:\/\/new.findnews5.com\/index.php?rest_route=%2Fwp%2Fv2%2Fcomments&post=6937"}],"version-history":[{"count":0,"href":"https:\/\/new.findnews5.com\/index.php?rest_route=\/wp\/v2\/posts\/6937\/revisions"}],"wp:featuredmedia":[{"embeddable":true,"href":"https:\/\/new.findnews5.com\/index.php?rest_route=\/wp\/v2\/media\/6938"}],"wp:attachment":[{"href":"https:\/\/new.findnews5.com\/index.php?rest_route=%2Fwp%2Fv2%2Fmedia&parent=6937"}],"wp:term":[{"taxonomy":"category","embeddable":true,"href":"https:\/\/new.findnews5.com\/index.php?rest_route=%2Fwp%2Fv2%2Fcategories&post=6937"},{"taxonomy":"post_tag","embeddable":true,"href":"https:\/\/new.findnews5.com\/index.php?rest_route=%2Fwp%2Fv2%2Ftags&post=6937"}],"curies":[{"name":"wp","href":"https:\/\/api.w.org\/{rel}","templated":true}]}}