{"id":6930,"date":"2023-11-20T13:48:50","date_gmt":"2023-11-20T13:48:50","guid":{"rendered":"https:\/\/new.findnews5.com\/?p=6930"},"modified":"2023-11-20T13:48:52","modified_gmt":"2023-11-20T13:48:52","slug":"arbana-osmani-flet-per-here-te-pare-per-largimin-e-saj-nga-top-channel-2","status":"publish","type":"post","link":"https:\/\/new.findnews5.com\/?p=6930","title":{"rendered":"Arbana Osmani flet per here te pare p\u00ebr largimin e saj nga Top Channel\u2026"},"content":{"rendered":"<div class=\"78954ae5fa42b68c1393fe3da4998882\" data-index=\"1\" style=\"float: none; margin:0px 0 0px 0; text-align:center;\">\n<div data-type=\"_mgwidget\" data-widget-id=\"1576712\">\r\n<\/div>\r\n<script>(function(w,q){w[q]=w[q]||[];w[q].push([\"_mgc.load\"])})(window,\"_mgq\");\r\n<\/script>\r\n\n<\/div>\n<p>S\u00eb fundmi ka qarkulluar me shpejt\u00ebsi lajmi se Arbana nuk do prezantoj\u00eb Big Brother VIP3. P\u00ebr m\u00eb tep\u00ebr thuhej se moderatorja ka pasur nj\u00eb ng\u00ebr\u00e7 me administrator\u00ebt e televizionit.<\/p>\n<p>N\u00eb lidhje me k\u00ebt\u00eb \u00e7\u00ebshtje ka reaguar pak m\u00eb par\u00eb vet\u00eb Arbana.<\/p>\n<p>Ajo ka publikuar nj\u00eb foto duke pir\u00eb kafen\u00eb n\u00eb ambientet e Top Channel, si nj\u00eb m\u00ebnyr\u00eb p\u00ebr t\u00eb hedhur posht\u00eb z\u00ebrat q\u00eb qarkullojn\u00eb.<\/p>\n\n<div style=\"font-size: 0px; height: 0px; line-height: 0px; margin: 0; padding: 0; clear: both;\"><\/div>","protected":false},"excerpt":{"rendered":"<p>S\u00eb fundmi ka qarkulluar me shpejt\u00ebsi lajmi se Arbana nuk do prezantoj\u00eb Big Brother VIP3. P\u00ebr m\u00eb tep\u00ebr thuhej se moderatorja ka pasur nj\u00eb ng\u00ebr\u00e7 me administrator\u00ebt&#8230; <\/p>\n","protected":false},"author":1,"featured_media":6931,"comment_status":"open","ping_status":"open","sticky":false,"template":"","format":"standard","meta":{"footnotes":""},"categories":[6],"tags":[],"class_list":["post-6930","post","type-post","status-publish","format-standard","has-post-thumbnail","hentry","category-lajme"],"_links":{"self":[{"href":"https:\/\/new.findnews5.com\/index.php?rest_route=\/wp\/v2\/posts\/6930","targetHints":{"allow":["GET"]}}],"collection":[{"href":"https:\/\/new.findnews5.com\/index.php?rest_route=\/wp\/v2\/posts"}],"about":[{"href":"https:\/\/new.findnews5.com\/index.php?rest_route=\/wp\/v2\/types\/post"}],"author":[{"embeddable":true,"href":"https:\/\/new.findnews5.com\/index.php?rest_route=\/wp\/v2\/users\/1"}],"replies":[{"embeddable":true,"href":"https:\/\/new.findnews5.com\/index.php?rest_route=%2Fwp%2Fv2%2Fcomments&post=6930"}],"version-history":[{"count":0,"href":"https:\/\/new.findnews5.com\/index.php?rest_route=\/wp\/v2\/posts\/6930\/revisions"}],"wp:featuredmedia":[{"embeddable":true,"href":"https:\/\/new.findnews5.com\/index.php?rest_route=\/wp\/v2\/media\/6931"}],"wp:attachment":[{"href":"https:\/\/new.findnews5.com\/index.php?rest_route=%2Fwp%2Fv2%2Fmedia&parent=6930"}],"wp:term":[{"taxonomy":"category","embeddable":true,"href":"https:\/\/new.findnews5.com\/index.php?rest_route=%2Fwp%2Fv2%2Fcategories&post=6930"},{"taxonomy":"post_tag","embeddable":true,"href":"https:\/\/new.findnews5.com\/index.php?rest_route=%2Fwp%2Fv2%2Ftags&post=6930"}],"curies":[{"name":"wp","href":"https:\/\/api.w.org\/{rel}","templated":true}]}}