{"id":6927,"date":"2023-11-20T13:39:50","date_gmt":"2023-11-20T13:39:50","guid":{"rendered":"https:\/\/new.findnews5.com\/?p=6927"},"modified":"2023-11-20T13:39:51","modified_gmt":"2023-11-20T13:39:51","slug":"fidel-ylli-ne-pa-protokoll-se-shpejti-ne-tirane-do-ndertohet-nje-stadium-40-mije-vendesh-do-jete-nder-me-te-bukurit-ne-europe","status":"publish","type":"post","link":"https:\/\/new.findnews5.com\/?p=6927","title":{"rendered":"Fidel Ylli n\u00eb &#8216;Pa Protokoll&#8217;: S\u00eb shpejti n\u00eb Tiran\u00eb do nd\u00ebrtohet nj\u00eb stadium 40 mij\u00eb vendesh! Do jet\u00eb nd\u00ebr m\u00eb t\u00eb bukurit n\u00eb Europ\u00eb"},"content":{"rendered":"<div class=\"78954ae5fa42b68c1393fe3da4998882\" data-index=\"1\" style=\"float: none; margin:0px 0 0px 0; text-align:center;\">\n<div data-type=\"_mgwidget\" data-widget-id=\"1576712\">\r\n<\/div>\r\n<script>(function(w,q){w[q]=w[q]||[];w[q].push([\"_mgc.load\"])})(window,\"_mgq\");\r\n<\/script>\r\n\n<\/div>\n<p>Kryetari i Komitetit Olimpik Shqiptar, Fidel Ylli i ftuar n\u00eb \u201cPa Protokoll\u201d me gazetaren Anduela Ndreu n\u00eb Report Tv, ka deklaruar se s\u00eb shpajti n\u00eb Tiran\u00eb do t\u00eb nd\u00ebrtohet nj\u00eb stadium me 40 mij\u00eb vende. Sipas tij, stadiumi q\u00eb do nd\u00ebrtohet do jet\u00eb nj\u00eb nd\u00ebr m\u00eb t\u00eb bukurit n\u00eb Europ\u00eb.<\/p>\n<p>\u201cBashk\u00ebpunimi mes qeveris\u00eb dhe ministris\u00eb e federat\u00ebs jan\u00eb b\u00ebr\u00eb gjith\u00eb k\u00ebto stadiume. Por kur shikoj kur Shqip\u00ebria do shkonte n\u00eb Maqedoni p\u00ebr t\u00eb b\u00ebr\u00eb ndeshjet sepse Qemal Stafa nuk kishte asnj\u00eb standart si stadium. <\/p>\n<p>Po t\u00eb jap nj\u00eb lajm q\u00eb shum\u00eb shpejt do shikosh nj\u00eb stadium 40 mij\u00eb vendesh n\u00eb Tiran\u00eb q\u00eb do jet\u00eb nj\u00eb nd\u00ebr m\u00eb t\u00eb bukurit n\u00eb Europ\u00eb. 22 mij\u00eb \u00ebsht\u00eb shum\u00eb pak prandaj do e b\u00ebjm\u00eb 40 mij\u00eb sa i Torinos\u201d- u shpreh Ylli.<\/p>\n\n<div style=\"font-size: 0px; height: 0px; line-height: 0px; margin: 0; padding: 0; clear: both;\"><\/div>","protected":false},"excerpt":{"rendered":"<p>Kryetari i Komitetit Olimpik Shqiptar, Fidel Ylli i ftuar n\u00eb \u201cPa Protokoll\u201d me gazetaren Anduela Ndreu n\u00eb Report Tv, ka deklaruar se s\u00eb shpajti n\u00eb Tiran\u00eb do&#8230; <\/p>\n","protected":false},"author":1,"featured_media":6928,"comment_status":"open","ping_status":"open","sticky":false,"template":"","format":"standard","meta":{"footnotes":""},"categories":[6],"tags":[],"class_list":["post-6927","post","type-post","status-publish","format-standard","has-post-thumbnail","hentry","category-lajme"],"_links":{"self":[{"href":"https:\/\/new.findnews5.com\/index.php?rest_route=\/wp\/v2\/posts\/6927","targetHints":{"allow":["GET"]}}],"collection":[{"href":"https:\/\/new.findnews5.com\/index.php?rest_route=\/wp\/v2\/posts"}],"about":[{"href":"https:\/\/new.findnews5.com\/index.php?rest_route=\/wp\/v2\/types\/post"}],"author":[{"embeddable":true,"href":"https:\/\/new.findnews5.com\/index.php?rest_route=\/wp\/v2\/users\/1"}],"replies":[{"embeddable":true,"href":"https:\/\/new.findnews5.com\/index.php?rest_route=%2Fwp%2Fv2%2Fcomments&post=6927"}],"version-history":[{"count":0,"href":"https:\/\/new.findnews5.com\/index.php?rest_route=\/wp\/v2\/posts\/6927\/revisions"}],"wp:featuredmedia":[{"embeddable":true,"href":"https:\/\/new.findnews5.com\/index.php?rest_route=\/wp\/v2\/media\/6928"}],"wp:attachment":[{"href":"https:\/\/new.findnews5.com\/index.php?rest_route=%2Fwp%2Fv2%2Fmedia&parent=6927"}],"wp:term":[{"taxonomy":"category","embeddable":true,"href":"https:\/\/new.findnews5.com\/index.php?rest_route=%2Fwp%2Fv2%2Fcategories&post=6927"},{"taxonomy":"post_tag","embeddable":true,"href":"https:\/\/new.findnews5.com\/index.php?rest_route=%2Fwp%2Fv2%2Ftags&post=6927"}],"curies":[{"name":"wp","href":"https:\/\/api.w.org\/{rel}","templated":true}]}}