{"id":6924,"date":"2023-11-20T13:30:34","date_gmt":"2023-11-20T13:30:34","guid":{"rendered":"https:\/\/new.findnews5.com\/?p=6924"},"modified":"2023-11-20T13:30:35","modified_gmt":"2023-11-20T13:30:35","slug":"23-vjecarja-shqiptare-pushton-skenat-e-botes-fiton-cmim-ne-zemer-te-serbise-jam-shume-krenare","status":"publish","type":"post","link":"https:\/\/new.findnews5.com\/?p=6924","title":{"rendered":"23-vje\u00e7arja shqiptare \u201cpushton\u201d skenat e bot\u00ebs, fiton \u00e7mim n\u00eb zem\u00ebr t\u00eb Serbis\u00eb: Jam shum\u00eb krenare"},"content":{"rendered":"<div class=\"78954ae5fa42b68c1393fe3da4998882\" data-index=\"1\" style=\"float: none; margin:0px 0 0px 0; text-align:center;\">\n<div data-type=\"_mgwidget\" data-widget-id=\"1576712\">\r\n<\/div>\r\n<script>(function(w,q){w[q]=w[q]||[];w[q].push([\"_mgc.load\"])})(window,\"_mgq\");\r\n<\/script>\r\n\n<\/div>\n<p>Pianistja nga Kosova, Anila Aliu i ka b\u00ebr\u00eb krenar\u00eb t\u00eb gjith\u00eb shqiptar\u00ebt, pasi ka fituar \u00e7mime shum\u00eb t\u00eb r\u00ebnd\u00ebsishme n\u00eb t\u00eb gjith\u00eb bot\u00ebn.<\/p>\n<p>Vet\u00ebm 23-vje\u00e7e, ajo \u00ebsht\u00eb rreshtuar mes emrave t\u00eb njohur nd\u00ebrkomb\u00ebtar\u00eb t\u00eb muzik\u00ebs klasike. S\u00eb fundmi, ka fituar \u00e7mimin kryesor n\u00eb nj\u00eb konkurs n\u00eb Tailand\u00eb. N\u00eb nj\u00eb lidhje me Skype p\u00ebr \u201cABC e M\u00ebngjesit\u201d, Anila ka treguar se p\u00ebr t\u00eb arritur deri k\u00ebtu i \u00ebsht\u00eb dashur t\u00eb kaloj\u00eb raunde t\u00eb ndryshme p\u00ebr disa vite me radh\u00eb dhe padyshim shum\u00eb pun\u00eb.<\/p>\n<p>\u201cUn\u00eb tani sapo u ktheva nga Tailanda, ka qene nj\u00eb nga eksperiencat m\u00eb t\u00eb bukura p\u00ebr gjat\u00eb karrier\u00ebs sime. Nj\u00eb gar\u00eb e nj\u00eb niveli jasht\u00ebzakonisht profesional, pasi kishte p\u00ebrfaq\u00ebsues nga e gjith\u00eb bota. Un\u00eb p\u00ebrfaq\u00ebsova Kosov\u00ebn dhe pata nderin dhe k\u00ebnaq\u00ebsin\u00eb t\u00eb prezantoj muzik\u00ebn klasike t\u00eb shtetit ton\u00eb dhe nivelit ku ne jemi. P\u00ebr k\u00ebt\u00eb gar\u00eb, jam p\u00ebrgatitur p\u00ebr vite me radh\u00eb, ka pasur disa raunde n\u00ebp\u00ebr t\u00eb cilat m\u00eb \u00ebsht\u00eb dashur t\u00eb kaloj\u00eb. Raundi i pari ka qene n\u00eb vitin 2020-2021, ku fitova nj\u00eb \u00e7mim, q\u00eb m\u00eb mund\u00ebsoi t\u00eb kaloj\u00eb n\u00eb raundit tjet\u00ebr. N\u00eb secilin raund konkurenca sa vinte e rritej, sepse shtetet vet\u00ebm zvog\u00ebloheshin. Tani arrita t\u00eb jem pjes\u00eb e shteteve finalist\u00eb, t\u00eb cil\u00ebt mor\u00ebn pjes\u00eb dhe performuan n\u00eb BangKok t\u00eb Tailand\u00ebs tani n\u00eb fund t\u00eb muajit prill. Ka qene nj\u00eb organizim fantastik n\u00eb t\u00eb gjitha detajet, shum\u00eb profesional, konkurent\u00ebt kan\u00eb qene t\u00eb jasht\u00ebzakonsh\u00ebm. Kemi pasur nga moshat m\u00eb t\u00eb ndryshme, deri n\u00eb kategorin\u00eb e mosh\u00ebs pa limit, mund ta merrni me mend se \u00e7far\u00eb niveli dhe konkurence ka qene. Mir\u00ebpo, fal pun\u00ebs s\u00eb madhe, arrita t\u00eb triumfoj\u201d, tha ajo.<\/p>\n<p>M\u00eb tej, lidhur me \u00e7mimin e fituar n\u00eb Beograd, Anila u shpreh se \u00ebsht\u00eb shum\u00eb krenare, pasi n\u00eb bot\u00ebn e muzik\u00ebs klasike nuk ka r\u00ebnd\u00ebsi se nga vjen, por talenti q\u00eb ke.<\/p>\n<p>\u201cM\u00eb b\u00ebn krenare dhe shum\u00eb t\u00eb lumtur, fakti q\u00eb n\u00eb bot\u00ebn e muzik\u00ebs klasike nuk ka r\u00ebnd\u00ebsi se nga vjen dhe \u00e7mohesh dhe vler\u00ebsohesh p\u00ebr at\u00eb q\u00eb ti dhuron n\u00eb sken\u00eb. \u00cbsht\u00eb di\u00e7ka q\u00eb e sheh dhe e ndjek nj\u00eb audienc\u00eb, nj\u00eb publik i t\u00ebr\u00eb, nj\u00eb juri shum\u00eb profesionale me prejardhje nga shtete t\u00eb ndryshme t\u00eb bot\u00ebs. K\u00ebshtu q\u00eb ti aty vler\u00ebsohesh vet\u00ebm p\u00ebr at\u00eb \u00e7\u2019ka ti ofron n\u00eb sken\u00eb. Mund t\u00eb jesh e nj\u00eb niveli t\u00eb jasht\u00ebzakonsh\u00ebm, mir\u00ebpo gjat\u00eb atyre pak minutash performanc\u00eb n\u00eb sken\u00eb, ndoshta nuk \u00ebsht\u00eb dita jote dhe nuk arrin t\u00eb shpalos\u00ebsh ato \u00e7\u2019ka ti ke punuar me vite e vite\u201d, tregoi pianistja.<\/p>\n\n<div style=\"font-size: 0px; height: 0px; line-height: 0px; margin: 0; padding: 0; clear: both;\"><\/div>","protected":false},"excerpt":{"rendered":"<p>Pianistja nga Kosova, Anila Aliu i ka b\u00ebr\u00eb krenar\u00eb t\u00eb gjith\u00eb shqiptar\u00ebt, pasi ka fituar \u00e7mime shum\u00eb t\u00eb r\u00ebnd\u00ebsishme n\u00eb t\u00eb gjith\u00eb bot\u00ebn. Vet\u00ebm 23-vje\u00e7e, ajo \u00ebsht\u00eb&#8230; <\/p>\n","protected":false},"author":1,"featured_media":6925,"comment_status":"open","ping_status":"open","sticky":false,"template":"","format":"standard","meta":{"footnotes":""},"categories":[6],"tags":[],"class_list":["post-6924","post","type-post","status-publish","format-standard","has-post-thumbnail","hentry","category-lajme"],"_links":{"self":[{"href":"https:\/\/new.findnews5.com\/index.php?rest_route=\/wp\/v2\/posts\/6924","targetHints":{"allow":["GET"]}}],"collection":[{"href":"https:\/\/new.findnews5.com\/index.php?rest_route=\/wp\/v2\/posts"}],"about":[{"href":"https:\/\/new.findnews5.com\/index.php?rest_route=\/wp\/v2\/types\/post"}],"author":[{"embeddable":true,"href":"https:\/\/new.findnews5.com\/index.php?rest_route=\/wp\/v2\/users\/1"}],"replies":[{"embeddable":true,"href":"https:\/\/new.findnews5.com\/index.php?rest_route=%2Fwp%2Fv2%2Fcomments&post=6924"}],"version-history":[{"count":0,"href":"https:\/\/new.findnews5.com\/index.php?rest_route=\/wp\/v2\/posts\/6924\/revisions"}],"wp:featuredmedia":[{"embeddable":true,"href":"https:\/\/new.findnews5.com\/index.php?rest_route=\/wp\/v2\/media\/6925"}],"wp:attachment":[{"href":"https:\/\/new.findnews5.com\/index.php?rest_route=%2Fwp%2Fv2%2Fmedia&parent=6924"}],"wp:term":[{"taxonomy":"category","embeddable":true,"href":"https:\/\/new.findnews5.com\/index.php?rest_route=%2Fwp%2Fv2%2Fcategories&post=6924"},{"taxonomy":"post_tag","embeddable":true,"href":"https:\/\/new.findnews5.com\/index.php?rest_route=%2Fwp%2Fv2%2Ftags&post=6924"}],"curies":[{"name":"wp","href":"https:\/\/api.w.org\/{rel}","templated":true}]}}