{"id":6908,"date":"2023-11-20T11:36:50","date_gmt":"2023-11-20T11:36:50","guid":{"rendered":"https:\/\/new.findnews5.com\/?p=6908"},"modified":"2023-11-20T11:36:52","modified_gmt":"2023-11-20T11:36:52","slug":"kjo-eshte-molla-e-kuqe-qe-te-gjithe-flasin-per-te-por-se-dijne-saktesisht","status":"publish","type":"post","link":"https:\/\/new.findnews5.com\/?p=6908","title":{"rendered":"Kjo \u00ebsht\u00eb \u2018Molla e Kuqe\u2019 q\u00eb t\u00eb gjith\u00eb flasin p\u00ebr t\u00eb por se dijn\u00eb sakt\u00ebsisht"},"content":{"rendered":"<div class=\"78954ae5fa42b68c1393fe3da4998882\" data-index=\"1\" style=\"float: none; margin:0px 0 0px 0; text-align:center;\">\n<div data-type=\"_mgwidget\" data-widget-id=\"1576712\">\r\n<\/div>\r\n<script>(function(w,q){w[q]=w[q]||[];w[q].push([\"_mgc.load\"])})(window,\"_mgq\");\r\n<\/script>\r\n\n<\/div>\n<p>Nj\u00eb nga t\u00eb dh\u00ebnat ka t\u00eb b\u00ebj\u00eb me nj\u00eb histori n\u00eb kufijt\u00eb e legjend\u00ebs. Sipas k\u00ebsaj historie, emrin Molla e Kuqe e kishin dy fshatra skajor\u00eb shqiptar\u00eb, nj\u00ebri n\u00eb veri dhe tjetri n\u00eb jug t\u00eb vendit.<\/p>\n<p>Data e k\u00ebtyre toponimeve nuk njihet, por ato tregonin dy skajet kufitare t\u00eb nj\u00eb Shqip\u00ebrie q\u00eb nuk ekzistoi m\u00eb pas 1913-\u00ebs.<\/p>\n<p>Fshati Molla e Kuqe n\u00eb jug, i p\u00ebrket nj\u00eb zone q\u00eb sot gjendet brenda kufijve administrativ\u00eb t\u00eb Greqis\u00eb, me em\u00ebr t\u00eb ndryshuar n\u00eb Kalloreferis. Fshati tjet\u00ebr, n\u00eb skajet veriore t\u00eb Shqip\u00ebris\u00eb, gjendet edhe ai jasht\u00eb kufijve t\u00eb Shqip\u00ebris\u00eb s\u00eb sotme, diku af\u00ebr nj\u00eb vendi t\u00eb njohur me emrin Novi Pazar.<\/p>\n<p>P\u00ebr k\u00ebt\u00eb toponim flet edhe nj\u00eb shprehje shum\u00eb e p\u00ebrdorur dikur, por e rralluar ose e zhdukur n\u00eb dit\u00ebt e sotme: \u201cDo rrish urt\u00eb apo t\u00eb ta b\u00ebj sht\u00ebpin\u00eb matan\u00eb Moll\u00ebs s\u00eb Kuqe!\u201d Shprehja p\u00ebrdorej sa her\u00eb duhej t\u2019i thoshe dikujt q\u00eb mund t\u00eb d\u00ebrgohej larg.<\/p>\n<p>E dh\u00ebna e dyt\u00eb \u00ebsht\u00eb m\u00eb e \u201cfresk\u00ebt\u201d n\u00eb koh\u00eb. Ka t\u00eb b\u00ebj\u00eb me nj\u00eb dekret t\u00eb vitit 1968 t\u00eb Presidiumit t\u00eb Kuvendit Popullor t\u00eb RPSH-s\u00eb. (dekreti nr. 4381, dat\u00eb 13.4.1968) Ky dekret b\u00ebn disa ndryshime t\u00eb r\u00ebnd\u00ebsishme n\u00eb ndarjen administrative tok\u00ebsore t\u00eb vendit. Mes rreshtave gjet\u00ebm edhe nj\u00eb vendim q\u00eb ka t\u00eb b\u00ebj\u00eb me nj\u00eb fshat me emrin Molla e Kuqe.<\/p>\n<p>Vendimi mban numrin 6, n\u00eb list\u00ebn e 14 vendimeve q\u00eb kan\u00eb t\u00eb b\u00ebjn\u00eb me rrethin e Kuk\u00ebsit dhe thot\u00eb: \u201cFshati Moll\u00eb-Kuqe shk\u00ebputet nga lokaliteti i Fanit dhe lidhet me lokalitetin e Sh\u00ebmir\u00ebs\u00eb\u201d.<\/p>\n<p>Do t\u00eb thot\u00eb q\u00eb nj\u00eb fshat me k\u00ebt\u00eb em\u00ebr ekziston edhe n\u00eb k\u00ebt\u00eb rreth.\/gazetadita<\/p>\n\n<div style=\"font-size: 0px; height: 0px; line-height: 0px; margin: 0; padding: 0; clear: both;\"><\/div>","protected":false},"excerpt":{"rendered":"<p>Nj\u00eb nga t\u00eb dh\u00ebnat ka t\u00eb b\u00ebj\u00eb me nj\u00eb histori n\u00eb kufijt\u00eb e legjend\u00ebs. Sipas k\u00ebsaj historie, emrin Molla e Kuqe e kishin dy fshatra skajor\u00eb shqiptar\u00eb,&#8230; <\/p>\n","protected":false},"author":1,"featured_media":6909,"comment_status":"open","ping_status":"open","sticky":false,"template":"","format":"standard","meta":{"footnotes":""},"categories":[6],"tags":[],"class_list":["post-6908","post","type-post","status-publish","format-standard","has-post-thumbnail","hentry","category-lajme"],"_links":{"self":[{"href":"https:\/\/new.findnews5.com\/index.php?rest_route=\/wp\/v2\/posts\/6908","targetHints":{"allow":["GET"]}}],"collection":[{"href":"https:\/\/new.findnews5.com\/index.php?rest_route=\/wp\/v2\/posts"}],"about":[{"href":"https:\/\/new.findnews5.com\/index.php?rest_route=\/wp\/v2\/types\/post"}],"author":[{"embeddable":true,"href":"https:\/\/new.findnews5.com\/index.php?rest_route=\/wp\/v2\/users\/1"}],"replies":[{"embeddable":true,"href":"https:\/\/new.findnews5.com\/index.php?rest_route=%2Fwp%2Fv2%2Fcomments&post=6908"}],"version-history":[{"count":0,"href":"https:\/\/new.findnews5.com\/index.php?rest_route=\/wp\/v2\/posts\/6908\/revisions"}],"wp:featuredmedia":[{"embeddable":true,"href":"https:\/\/new.findnews5.com\/index.php?rest_route=\/wp\/v2\/media\/6909"}],"wp:attachment":[{"href":"https:\/\/new.findnews5.com\/index.php?rest_route=%2Fwp%2Fv2%2Fmedia&parent=6908"}],"wp:term":[{"taxonomy":"category","embeddable":true,"href":"https:\/\/new.findnews5.com\/index.php?rest_route=%2Fwp%2Fv2%2Fcategories&post=6908"},{"taxonomy":"post_tag","embeddable":true,"href":"https:\/\/new.findnews5.com\/index.php?rest_route=%2Fwp%2Fv2%2Ftags&post=6908"}],"curies":[{"name":"wp","href":"https:\/\/api.w.org\/{rel}","templated":true}]}}