{"id":6886,"date":"2023-11-19T23:33:54","date_gmt":"2023-11-19T23:33:54","guid":{"rendered":"https:\/\/new.findnews5.com\/?p=6886"},"modified":"2023-11-19T23:33:55","modified_gmt":"2023-11-19T23:33:55","slug":"helena-kadare-ismaili-eshte-i-bindur-se-shqiperia-po-jeton-vitet-me-te-mira-te-saj-kur-ben-dicka-qe-e-di-se-nuk-vdes-ske-frike","status":"publish","type":"post","link":"https:\/\/new.findnews5.com\/?p=6886","title":{"rendered":"Helena Kadare: Ismaili \u00ebsht\u00eb i bindur se Shqip\u00ebria po jeton vitet m\u00eb t\u00eb mira t\u00eb saj. \u2018Kur b\u00ebn di\u00e7ka q\u00eb e di se nuk vdes, s\u2019ke frik\u00eb!\u2019"},"content":{"rendered":"<div class=\"78954ae5fa42b68c1393fe3da4998882\" data-index=\"1\" style=\"float: none; margin:0px 0 0px 0; text-align:center;\">\n<div data-type=\"_mgwidget\" data-widget-id=\"1576712\">\r\n<\/div>\r\n<script>(function(w,q){w[q]=w[q]||[];w[q].push([\"_mgc.load\"])})(window,\"_mgq\");\r\n<\/script>\r\n\n<\/div>\n<p>Me \u00e7apa t\u00eb ngadalt\u00eb Ismail Kadare, shkrimtari \u2018par excellence\u2019 i letrave shqipe afrohet n\u00eb stend\u00ebn \u201cOnufri\u201d pran\u00eb Pallatit t\u00eb Kongreseve. Helena dhe botuesi Bujar Hudhri i q\u00ebndrojn\u00eb n\u00eb krah.<\/p>\n<p>\u201cTakimi me lexuesin \u00ebsht\u00eb nj\u00eb k\u00ebnaq\u00ebsi shum\u00eb e madhe p\u00ebr \u00e7do autor. Nj\u00ebsoj ndodh me mua dhe Ismailin. Por ai, krahas k\u00ebnaq\u00ebsis\u00eb ka edhe heziton disi para se t\u00eb vij\u00eb, stepet se mos prej lodhjes nuk e p\u00ebrballon dot\u201d, tregon Helena Kadare.<\/p>\n<p>\u00cbsht\u00eb padyshim k\u00ebndi m\u00eb entuziast i k\u00ebtij Panairi t\u00eb 26-t\u00eb, g\u00ebzimin p\u00ebr lexuesit e shkrimtar\u00ebt e shton botimi i vepr\u00ebs s\u00eb plot\u00eb n\u00eb 7 v\u00ebllime t\u00eb Kadares\u00eb. \u00cbsht\u00eb 87 vje\u00e7 dhe kan\u00eb kaluar 70 vjet prej vepr\u00ebs s\u00eb par\u00eb q\u00eb ai quan krijimtari t\u00eb mir\u00ebfillt\u00eb.<\/p>\n<p>Ka prekur kulminacionet letrare n\u00eb sken\u00ebn nd\u00ebrkomb\u00ebtare, por a ka brenga shkrimtari Kadare?<\/p>\n<p>\u201cNuk ka jet\u00eb pa brenga, s\u2019ka breng\u00eb pa jet\u00eb\u201d, shprehet shkrimtari Ismail Kadare.<\/p>\n<p>N\u00eb k\u00ebt\u00eb takim me kryefjal\u00eb Kadaren\u00eb, botuesi surprizon edhe Helen\u00ebn me ribotimin e librit t\u00eb saj \u2018Koh\u00eb e pamjaftueshme\u2019. E pranojn\u00eb t\u00eb dy bashk\u00ebshort\u00ebt, se shk\u00eblqimi i shkrimtarit ka l\u00ebn\u00eb n\u00eb hije nj\u00eb shkrimtare e p\u00ebrkthyese si Helena.<\/p>\n<p>\u201cNuk mund t\u00eb them se ndihem fajtor p\u00ebr k\u00ebt\u00eb fakt, por kur emri i Helen\u00ebs p\u00ebrmendet ngjitur me emrin tim, kjo m\u00eb jep g\u00ebzim, si\u00e7 m\u00eb jep g\u00ebzim qenia e saj p\u00ebrbri meje\u201d, shprehet shkrimtari.<\/p>\n<p>\u201cJam e sigurt q\u00eb do t\u00eb kisha shkruar 10 apo 20 libra m\u00eb shum\u00eb por e kam ditur q\u00eb e re, se ndihma q\u00eb duhet t\u2019i jepja shkrimtarit do t\u00eb ishte m\u00eb e r\u00ebnd\u00ebsishme se librat q\u00eb un\u00eb mund t\u00eb shkruaja\u201d, shprehet shkrimtarja dhe p\u00ebrkthyesja Helena Kadare.<\/p>\n<p>Vepra e Kadares\u00eb krijon \u00e7do dit\u00eb pik\u00ebtakime t\u00eb reja letrare, si me \u2018Pallati i \u00cbndrrave\u2019 k\u00ebt\u00eb n\u00ebntor n\u00eb librarit\u00eb italiane. Protesta e tij letrare, p\u00ebr diktator\u00ebt e diktatur\u00ebn, n\u00eb t\u00eb dy koh\u00ebt \u00ebsht\u00eb fakt. Por, a i frikohej Ismail Kadare, pasojave q\u00eb mund t\u00eb vinin prej asaj q\u00eb shkruante?<\/p>\n<p>\u201cKur b\u00ebn di\u00e7ka q\u00eb e di q\u00eb nuk vdes nuk ke frik\u00eb sepse frika kryesore n\u00eb jet\u00eb \u00ebsht\u00eb vdekja. Kur shkrimtari shkruan ai \u00e7lirohet nga vdekja! Kur \u00e7lirohet nga vdekja do t\u00eb thot\u00eb q\u00eb jeta p\u00ebr t\u00eb \u00ebsht\u00eb e pafundme.<\/p>\n<p>\u00c7do vep\u00ebr e shkruar ka ndjesi dhe mendim t\u00eb \u2018kalitur\u2019 prej situatave, njer\u00ebzve, momenteve kur \u00ebsht\u00eb shkruar. Kadare \u00ebsht\u00eb prej atyre autor\u00ebve, q\u00eb ka zgjedhur q\u00eb t\u2019i rishikoj\u00eb disa prej librave. Po p\u00ebr \u00e7far\u00eb nevoje?<\/p>\n<p>\u201cNuk gjen ndonj\u00eb nevoj\u00eb, por \u00ebsht\u00eb vet qenia e saj, ekzistenca e saj, nj\u00eb nevoj\u00eb p\u00ebr t\u00eb shkruar prap\u00eb!\u201d, thot\u00eb ai.<\/p>\n<p>Nuk jan\u00eb indiferent ndaj asaj q\u00eb ndodh n\u00eb bot\u00eb. Lufta n\u00eb Ukrain\u00eb e s\u00eb fundmi konflikti Izrael-Palestin\u00eb.<\/p>\n<p>\u201cE vuajm\u00eb v\u00ebrtet\u00eb k\u00ebt\u00eb q\u00eb ndodh atje! \u00cbsht\u00eb me t\u00eb v\u00ebrtet\u00eb nj\u00eb situat\u00eb shum\u00eb absurde sepse nd\u00ebrkaq vriten civil\u00ebt n\u00eb t\u00eb dy krah\u00ebt! \u201c, shprehet Helena.<\/p>\n<p>Shqip\u00ebria mbetet djepi ku p\u00ebrkundin qet\u00ebsin\u00eb e tyre dhe mbushin zemrat. Por a i ndjekin zhvillimet politike ne vend? A ndihen ata optimist, pesimist, t\u00eb sigurt n\u00eb vendin e tyre?<\/p>\n<p>\u201cAbsolutisht e sigurt\u00eb, p\u00ebr mua k\u00ebt\u00eb optimiz\u00ebm ma ka dh\u00ebn\u00eb p\u00ebrher\u00eb Ismaili, sepse gjat\u00eb gjith\u00eb koh\u00ebs m\u00eb thot\u00eb se Shqip\u00ebria po jeton vitet m\u00eb t\u00eb mira t\u00eb saj. Edhe pse i num\u00ebroj gj\u00ebrat q\u00eb nuk shkojn\u00eb, po kjo, po kjo? Pavar\u00ebsisht nga k\u00ebto ai ka ngulur gjithnj\u00eb k\u00ebmb\u00eb p\u00ebr k\u00ebt\u00eb, q\u00eb jemi n\u00eb koh\u00ebn m\u00eb t\u00eb mir\u00eb, asnj\u00ebher\u00eb Shqip\u00ebria nuk ka qen\u00eb n\u00eb nj\u00eb pozicion kaq t\u00eb favorsh\u00ebm ndaj bot\u00ebs\u201d .<\/p>\n<p>\u2018Kur sunduesit grinden\u2019 \u00ebsht\u00eb botimi m\u00eb i fundit i Kadares\u00eb, ende s\u2019ka nj\u00eb lib\u00ebr t\u00eb ri, por gjithmon\u00eb ka subjekte q\u00eb i ngacmojn\u00eb mendimet, pse jo p\u00ebr nj\u00eb subjekt t\u00eb radh\u00ebs. \/Shqiptarja.com<\/p>\n\n<div style=\"font-size: 0px; height: 0px; line-height: 0px; margin: 0; padding: 0; clear: both;\"><\/div>","protected":false},"excerpt":{"rendered":"<p>Me \u00e7apa t\u00eb ngadalt\u00eb Ismail Kadare, shkrimtari \u2018par excellence\u2019 i letrave shqipe afrohet n\u00eb stend\u00ebn \u201cOnufri\u201d pran\u00eb Pallatit t\u00eb Kongreseve. Helena dhe botuesi Bujar Hudhri i q\u00ebndrojn\u00eb&#8230; <\/p>\n","protected":false},"author":1,"featured_media":6887,"comment_status":"open","ping_status":"open","sticky":false,"template":"","format":"standard","meta":{"footnotes":""},"categories":[6],"tags":[],"class_list":["post-6886","post","type-post","status-publish","format-standard","has-post-thumbnail","hentry","category-lajme"],"_links":{"self":[{"href":"https:\/\/new.findnews5.com\/index.php?rest_route=\/wp\/v2\/posts\/6886","targetHints":{"allow":["GET"]}}],"collection":[{"href":"https:\/\/new.findnews5.com\/index.php?rest_route=\/wp\/v2\/posts"}],"about":[{"href":"https:\/\/new.findnews5.com\/index.php?rest_route=\/wp\/v2\/types\/post"}],"author":[{"embeddable":true,"href":"https:\/\/new.findnews5.com\/index.php?rest_route=\/wp\/v2\/users\/1"}],"replies":[{"embeddable":true,"href":"https:\/\/new.findnews5.com\/index.php?rest_route=%2Fwp%2Fv2%2Fcomments&post=6886"}],"version-history":[{"count":0,"href":"https:\/\/new.findnews5.com\/index.php?rest_route=\/wp\/v2\/posts\/6886\/revisions"}],"wp:featuredmedia":[{"embeddable":true,"href":"https:\/\/new.findnews5.com\/index.php?rest_route=\/wp\/v2\/media\/6887"}],"wp:attachment":[{"href":"https:\/\/new.findnews5.com\/index.php?rest_route=%2Fwp%2Fv2%2Fmedia&parent=6886"}],"wp:term":[{"taxonomy":"category","embeddable":true,"href":"https:\/\/new.findnews5.com\/index.php?rest_route=%2Fwp%2Fv2%2Fcategories&post=6886"},{"taxonomy":"post_tag","embeddable":true,"href":"https:\/\/new.findnews5.com\/index.php?rest_route=%2Fwp%2Fv2%2Ftags&post=6886"}],"curies":[{"name":"wp","href":"https:\/\/api.w.org\/{rel}","templated":true}]}}