{"id":6880,"date":"2023-11-19T23:19:55","date_gmt":"2023-11-19T23:19:55","guid":{"rendered":"https:\/\/new.findnews5.com\/?p=6880"},"modified":"2023-11-19T23:19:56","modified_gmt":"2023-11-19T23:19:56","slug":"vrau-mikun-e-tij-mariglen-gjonaj-per-nje-ore-rolex-kalon-per-gjykim-dosja-per-kristian-cenajn","status":"publish","type":"post","link":"https:\/\/new.findnews5.com\/?p=6880","title":{"rendered":"Vrau mikun e tij Mariglen Gjonaj p\u00ebr nj\u00eb or\u00eb \u201cRolex\u201d, kalon p\u00ebr gjykim dosja p\u00ebr Kristian Cenajn"},"content":{"rendered":"<div class=\"78954ae5fa42b68c1393fe3da4998882\" data-index=\"1\" style=\"float: none; margin:0px 0 0px 0; text-align:center;\">\n<div data-type=\"_mgwidget\" data-widget-id=\"1576712\">\r\n<\/div>\r\n<script>(function(w,q){w[q]=w[q]||[];w[q].push([\"_mgc.load\"])})(window,\"_mgq\");\r\n<\/script>\r\n\n<\/div>\n<p>Gjykata ka kaluar p\u00ebr gjykim dosjen penale p\u00ebr shtetasin 31-vje\u00e7ar, Kristjan Cenaj, i cili u arrestua nj\u00eb vit m\u00eb par\u00eb p\u00ebr vrasjen e shtetasit Mariglen Gjonaj. Dosja ka kaluar n\u00eb Gjykat\u00ebn e Juridiksionit t\u00eb Lezh\u00ebs.<\/p>\n<p>31-vje\u00e7ari akuzohet p\u00ebr \u201cVjedhje me pasoj\u00eb vdekjen\u201d , pasi n\u00eb maj t\u00eb viti 2015 p\u00ebr nj\u00eb or\u00eb \u201cRolex\u201d ekzekutoi mikun e tij, at\u00ebher\u00eb 16-vje\u00e7ar.<\/p>\n<p>Cenaj ra n\u00eb prangat e policis\u00eb vet\u00ebm pak minuta pas kishte p\u00ebrfunduarr dasm\u00ebn e t\u00eb v\u00ebllait t\u00eb tij,nd\u00ebrsa kishte ardhur nga Italia posa\u00e7\u00ebrisht p\u00ebr k\u00ebt\u00eb g\u00ebzimfamiljar n\u00eb Kurbin.<\/p>\n<p>Policia dhe prokuroria e La\u00e7it, kan\u00eb pasur informacion mbi vizit\u00ebn e tij, dhe sapo ai ka hyr\u00eb n\u00eb territorin shqiptar, n\u00eb sistemin TIMS \u00ebsht\u00eb vendosur sh\u00ebnimi p\u00ebr ndalim dalje n\u00eb kufi t\u00eb tij. Nga hetimet e kryera ka rezultuar se Cenaj \u00ebsht\u00eb identifikuar si autor i dyshuar i vrasjes s\u00eb Mariglen Gjonaj p\u00ebrmes qeliza telefonike dhe profilit t\u00eb tij n\u00eb \u201cFacebook\u201d.<\/p>\n\n<div style=\"font-size: 0px; height: 0px; line-height: 0px; margin: 0; padding: 0; clear: both;\"><\/div>","protected":false},"excerpt":{"rendered":"<p>Gjykata ka kaluar p\u00ebr gjykim dosjen penale p\u00ebr shtetasin 31-vje\u00e7ar, Kristjan Cenaj, i cili u arrestua nj\u00eb vit m\u00eb par\u00eb p\u00ebr vrasjen e shtetasit Mariglen Gjonaj. Dosja&#8230; <\/p>\n","protected":false},"author":1,"featured_media":6881,"comment_status":"open","ping_status":"open","sticky":false,"template":"","format":"standard","meta":{"footnotes":""},"categories":[6],"tags":[],"class_list":["post-6880","post","type-post","status-publish","format-standard","has-post-thumbnail","hentry","category-lajme"],"_links":{"self":[{"href":"https:\/\/new.findnews5.com\/index.php?rest_route=\/wp\/v2\/posts\/6880","targetHints":{"allow":["GET"]}}],"collection":[{"href":"https:\/\/new.findnews5.com\/index.php?rest_route=\/wp\/v2\/posts"}],"about":[{"href":"https:\/\/new.findnews5.com\/index.php?rest_route=\/wp\/v2\/types\/post"}],"author":[{"embeddable":true,"href":"https:\/\/new.findnews5.com\/index.php?rest_route=\/wp\/v2\/users\/1"}],"replies":[{"embeddable":true,"href":"https:\/\/new.findnews5.com\/index.php?rest_route=%2Fwp%2Fv2%2Fcomments&post=6880"}],"version-history":[{"count":0,"href":"https:\/\/new.findnews5.com\/index.php?rest_route=\/wp\/v2\/posts\/6880\/revisions"}],"wp:featuredmedia":[{"embeddable":true,"href":"https:\/\/new.findnews5.com\/index.php?rest_route=\/wp\/v2\/media\/6881"}],"wp:attachment":[{"href":"https:\/\/new.findnews5.com\/index.php?rest_route=%2Fwp%2Fv2%2Fmedia&parent=6880"}],"wp:term":[{"taxonomy":"category","embeddable":true,"href":"https:\/\/new.findnews5.com\/index.php?rest_route=%2Fwp%2Fv2%2Fcategories&post=6880"},{"taxonomy":"post_tag","embeddable":true,"href":"https:\/\/new.findnews5.com\/index.php?rest_route=%2Fwp%2Fv2%2Ftags&post=6880"}],"curies":[{"name":"wp","href":"https:\/\/api.w.org\/{rel}","templated":true}]}}