{"id":6868,"date":"2023-11-19T22:52:24","date_gmt":"2023-11-19T22:52:24","guid":{"rendered":"https:\/\/new.findnews5.com\/?p=6868"},"modified":"2023-11-19T22:52:25","modified_gmt":"2023-11-19T22:52:25","slug":"300-mije-euro-per-koken-e-dy-vellezerve-plani-i-dumanit-dhe-capjes-per-vrasjen-ne-elbasan","status":"publish","type":"post","link":"https:\/\/new.findnews5.com\/?p=6868","title":{"rendered":"300 mij\u00eb euro p\u00ebr \u201ckok\u00ebn\u201d e dy v\u00ebllez\u00ebrve\/Plani i Dumanit dhe \u00c7apjes p\u00ebr vrasjen n\u00eb Elbasan"},"content":{"rendered":"<div class=\"78954ae5fa42b68c1393fe3da4998882\" data-index=\"1\" style=\"float: none; margin:0px 0 0px 0; text-align:center;\">\n<div data-type=\"_mgwidget\" data-widget-id=\"1576712\">\r\n<\/div>\r\n<script>(function(w,q){w[q]=w[q]||[];w[q].push([\"_mgc.load\"])})(window,\"_mgq\");\r\n<\/script>\r\n\n<\/div>\n<p>Sokol Sanxhaktari, dh\u00ebnd\u00ebri i ish-kryetarit t\u00eb Bashkis\u00eb Elbasan, Qazim Sejdini dhe nj\u00ebher\u00ebsh miku i Suel \u00c7el\u00ebs, nuk ka qen\u00eb personi i vet\u00ebm q\u00eb ishte n\u00eb planet e Florenc \u00c7apjas e Bledar Mu\u00e7\u00ebs, p\u00ebr tu vrar\u00eb.<\/p>\n<p>N\u00eb kontrat\u00ebn e vrasjeve q\u00eb \u00c7apja-Mu\u00e7a, lidh\u00ebn me killerin me pages\u00eb Nuredin Dumani, ishte planifikuar edhe vrasja e dy v\u00ebllez\u00ebrve nga Elbasani, t\u00eb cil\u00ebt quhen Marsel dhe Xhino Roka. Propozimi p\u00ebr t\u00eb vrar\u00eb dy v\u00ebllez\u00ebrit, sipas SPAK, kishte ardhur nga Florenc \u00c7apja, i cili n\u00eb pamund\u00ebsi p\u00ebr t\u00eb zbuluar vendndodhjen e Sokol Sanxhaktarit dhe goditjen e tij, i ka hedhur Dumanit nj\u00eb ofert\u00eb t\u00eb re, vrasjen e dy v\u00ebllez\u00ebrve Roka. M\u00ebsohet se ideja p\u00ebr t\u00eb goditur dy v\u00ebllez\u00ebrit Marsel dhe Xhino Roka, ka ardhur n\u00eb nj\u00eb koh\u00eb kur dyshja \u00c7apja-Mu\u00e7a, zhvillonin takime me Nuredin Dumanin, me q\u00ebllim p\u00ebr t\u00eb vrar\u00eb, Sokol Sanxhaktarin.<\/p>\n<p>P\u00ebr vrasjen e dy v\u00ebllez\u00ebrve Florenc \u00c7apja ishte i gatsh\u00ebm t\u00eb paguante 300 mij\u00eb euro, pasi i konsideronte si njer\u00ebz t\u00eb af\u00ebrm t\u00eb kund\u00ebrshtarit t\u00eb tij, Suel \u00c7ela.<\/p>\n\n<div style=\"font-size: 0px; height: 0px; line-height: 0px; margin: 0; padding: 0; clear: both;\"><\/div>","protected":false},"excerpt":{"rendered":"<p>Sokol Sanxhaktari, dh\u00ebnd\u00ebri i ish-kryetarit t\u00eb Bashkis\u00eb Elbasan, Qazim Sejdini dhe nj\u00ebher\u00ebsh miku i Suel \u00c7el\u00ebs, nuk ka qen\u00eb personi i vet\u00ebm q\u00eb ishte n\u00eb planet e&#8230; <\/p>\n","protected":false},"author":1,"featured_media":6869,"comment_status":"open","ping_status":"open","sticky":false,"template":"","format":"standard","meta":{"footnotes":""},"categories":[6],"tags":[],"class_list":["post-6868","post","type-post","status-publish","format-standard","has-post-thumbnail","hentry","category-lajme"],"_links":{"self":[{"href":"https:\/\/new.findnews5.com\/index.php?rest_route=\/wp\/v2\/posts\/6868","targetHints":{"allow":["GET"]}}],"collection":[{"href":"https:\/\/new.findnews5.com\/index.php?rest_route=\/wp\/v2\/posts"}],"about":[{"href":"https:\/\/new.findnews5.com\/index.php?rest_route=\/wp\/v2\/types\/post"}],"author":[{"embeddable":true,"href":"https:\/\/new.findnews5.com\/index.php?rest_route=\/wp\/v2\/users\/1"}],"replies":[{"embeddable":true,"href":"https:\/\/new.findnews5.com\/index.php?rest_route=%2Fwp%2Fv2%2Fcomments&post=6868"}],"version-history":[{"count":0,"href":"https:\/\/new.findnews5.com\/index.php?rest_route=\/wp\/v2\/posts\/6868\/revisions"}],"wp:featuredmedia":[{"embeddable":true,"href":"https:\/\/new.findnews5.com\/index.php?rest_route=\/wp\/v2\/media\/6869"}],"wp:attachment":[{"href":"https:\/\/new.findnews5.com\/index.php?rest_route=%2Fwp%2Fv2%2Fmedia&parent=6868"}],"wp:term":[{"taxonomy":"category","embeddable":true,"href":"https:\/\/new.findnews5.com\/index.php?rest_route=%2Fwp%2Fv2%2Fcategories&post=6868"},{"taxonomy":"post_tag","embeddable":true,"href":"https:\/\/new.findnews5.com\/index.php?rest_route=%2Fwp%2Fv2%2Ftags&post=6868"}],"curies":[{"name":"wp","href":"https:\/\/api.w.org\/{rel}","templated":true}]}}