{"id":6853,"date":"2023-11-19T22:21:53","date_gmt":"2023-11-19T22:21:53","guid":{"rendered":"https:\/\/new.findnews5.com\/?p=6853"},"modified":"2023-11-19T22:21:54","modified_gmt":"2023-11-19T22:21:54","slug":"neser-seanca-ne-apelin-e-gjkko-cfare-ndodh-nese-berisha-nuk-paraqitet-serish","status":"publish","type":"post","link":"https:\/\/new.findnews5.com\/?p=6853","title":{"rendered":"Nes\u00ebr seanca n\u00eb Apelin e GJKKO, \u00e7far\u00eb ndodh n\u00ebse Berisha nuk paraqitet s\u00ebrish"},"content":{"rendered":"<div class=\"78954ae5fa42b68c1393fe3da4998882\" data-index=\"1\" style=\"float: none; margin:0px 0 0px 0; text-align:center;\">\n<div data-type=\"_mgwidget\" data-widget-id=\"1576712\">\r\n<\/div>\r\n<script>(function(w,q){w[q]=w[q]||[];w[q].push([\"_mgc.load\"])})(window,\"_mgq\");\r\n<\/script>\r\n\n<\/div>\n<p>Dit\u00ebn e nes\u00ebrme n\u00eb or\u00ebn 09:00 pritet t\u00eb mbahet seanca gjyq\u00ebsore n\u00eb Apelin e GJKKO p\u00ebr ish-kryeministrin Sali Berisha. N\u00eb k\u00ebt\u00eb seanc\u00eb pritet q\u00eb Apeli t\u00eb vendos\u00eb p\u00ebr mas\u00ebn e siguris\u00eb ndaj ish-kryeministrit t\u00eb vendit, lidhur me hetimet p\u00ebr dosjen \u201cPartizani\u201d, vendim i ankimuar nga dy avokat\u00ebt e tij.<\/p>\n<p>Berisha do duhet t\u00eb paraqitet n\u00eb or\u00ebn 10:00 sipas urdh\u00ebres\u00ebs, n\u00eb SPAK, teksa kujtojm\u00eb se n\u00eb seanc\u00ebn e par\u00eb, ai nuk pranoi q\u00eb t\u00eb shkonte.<\/p>\n<p>N\u00eb rast se Berisha nuk paraqitet edhe nes\u00ebr, mbetet p\u00ebr t\u2019u par\u00eb pasi t\u00eb gjitha opsionet jan\u00eb t\u00eb hapura, n\u00eb var\u00ebsi t\u00eb vendimit t\u00eb Apelit, i cili mund t\u00eb ler\u00eb n\u00eb fuqi vendimin \u2018detyrim paraqitje\u2019 apo ta rr\u00ebzoj\u00eb at\u00eb.<\/p>\n<p>Sipas jurist\u00ebve, n\u00ebse Apeli pranon ankimimin e avokat\u00ebve dhe rr\u00ebzon mas\u00ebn e siguris\u00eb, at\u00ebher\u00eb thirrja e Berish\u00ebs n\u00eb or\u00ebn 10:00 n\u00eb SPAK b\u00ebhet e pavlefshme.<\/p>\n<p>Nd\u00ebrkoh\u00eb, n\u00ebse Apeli l\u00eb n\u00eb fuqi vendimin ndaj tij, dhe ish-kryeministri nuk paraqitet, at\u00ebher\u00eb SPAK ka t\u00eb drejt\u00eb t\u00eb k\u00ebrkoj\u00eb ashp\u00ebrsim mase, por q\u00eb kjo t\u00eb ndodh\u00eb, do duhet t\u00eb k\u00ebrkoj\u00eb autorizim n\u00eb Kuvend.<\/p>\n\n<div style=\"font-size: 0px; height: 0px; line-height: 0px; margin: 0; padding: 0; clear: both;\"><\/div>","protected":false},"excerpt":{"rendered":"<p>Dit\u00ebn e nes\u00ebrme n\u00eb or\u00ebn 09:00 pritet t\u00eb mbahet seanca gjyq\u00ebsore n\u00eb Apelin e GJKKO p\u00ebr ish-kryeministrin Sali Berisha. N\u00eb k\u00ebt\u00eb seanc\u00eb pritet q\u00eb Apeli t\u00eb vendos\u00eb&#8230; <\/p>\n","protected":false},"author":1,"featured_media":6854,"comment_status":"open","ping_status":"open","sticky":false,"template":"","format":"standard","meta":{"footnotes":""},"categories":[6],"tags":[],"class_list":["post-6853","post","type-post","status-publish","format-standard","has-post-thumbnail","hentry","category-lajme"],"_links":{"self":[{"href":"https:\/\/new.findnews5.com\/index.php?rest_route=\/wp\/v2\/posts\/6853","targetHints":{"allow":["GET"]}}],"collection":[{"href":"https:\/\/new.findnews5.com\/index.php?rest_route=\/wp\/v2\/posts"}],"about":[{"href":"https:\/\/new.findnews5.com\/index.php?rest_route=\/wp\/v2\/types\/post"}],"author":[{"embeddable":true,"href":"https:\/\/new.findnews5.com\/index.php?rest_route=\/wp\/v2\/users\/1"}],"replies":[{"embeddable":true,"href":"https:\/\/new.findnews5.com\/index.php?rest_route=%2Fwp%2Fv2%2Fcomments&post=6853"}],"version-history":[{"count":0,"href":"https:\/\/new.findnews5.com\/index.php?rest_route=\/wp\/v2\/posts\/6853\/revisions"}],"wp:featuredmedia":[{"embeddable":true,"href":"https:\/\/new.findnews5.com\/index.php?rest_route=\/wp\/v2\/media\/6854"}],"wp:attachment":[{"href":"https:\/\/new.findnews5.com\/index.php?rest_route=%2Fwp%2Fv2%2Fmedia&parent=6853"}],"wp:term":[{"taxonomy":"category","embeddable":true,"href":"https:\/\/new.findnews5.com\/index.php?rest_route=%2Fwp%2Fv2%2Fcategories&post=6853"},{"taxonomy":"post_tag","embeddable":true,"href":"https:\/\/new.findnews5.com\/index.php?rest_route=%2Fwp%2Fv2%2Ftags&post=6853"}],"curies":[{"name":"wp","href":"https:\/\/api.w.org\/{rel}","templated":true}]}}