{"id":6850,"date":"2023-11-19T22:18:05","date_gmt":"2023-11-19T22:18:05","guid":{"rendered":"https:\/\/new.findnews5.com\/?p=6850"},"modified":"2023-11-19T22:18:06","modified_gmt":"2023-11-19T22:18:06","slug":"berisha-seanca-e-neserme-do-te-jete-e-rrethuar-nga-forcat-speciale-kane-marre-urdher-nga-rama","status":"publish","type":"post","link":"https:\/\/new.findnews5.com\/?p=6850","title":{"rendered":"Berisha: Seanca e nes\u00ebrme do t\u00eb jet\u00eb e rrethuar nga forcat speciale, kan\u00eb marr\u00eb urdh\u00ebr nga Rama"},"content":{"rendered":"<div class=\"78954ae5fa42b68c1393fe3da4998882\" data-index=\"1\" style=\"float: none; margin:0px 0 0px 0; text-align:center;\">\n<div data-type=\"_mgwidget\" data-widget-id=\"1576712\">\r\n<\/div>\r\n<script>(function(w,q){w[q]=w[q]||[];w[q].push([\"_mgc.load\"])})(window,\"_mgq\");\r\n<\/script>\r\n\n<\/div>\n<p> Ish-kryeministri Sali Berisha ka th\u00ebn\u00eb se seanca plenare dit\u00ebs s\u00eb nes\u00ebrme n\u00eb parlament pritet t\u00eb jet\u00eb e rrethuar nga forcat speciale me urdh\u00ebr t\u00eb kryeministrit Edi Rama.<\/p>\n<p>Berisha \u00ebsht\u00eb shprehur se \u201cEdi Rama \u00ebsht\u00eb i tmerruar nga mosbindja civile e deputet\u00ebve t\u00eb opozit\u00ebs\u201d, e sipas tij ai ka ai ka urdh\u00ebrua forcat speciale t\u00eb Gard\u00ebs, Policis\u00eb, RENEA-n q\u00eb t\u00eb shtypin revolt\u00ebn e deputet\u00ebve t\u00eb opozit\u00ebs.<\/p>\n<p>Ai shkruan m\u00eb tej n\u00eb rrjetet sociale se buxheti t\u00eb kalohet me forc\u00eb dhe dhun\u00eb dhe do t\u00eb jet\u00eb nj\u00eb vjedhje p\u00ebr qytetar\u00ebt.<\/p>\n<p>Reagimi i Sali Berish\u00ebs:<\/p>\n<p>Ky \u00ebsht\u00eb parlamenti i diktatur\u00ebs s\u00eb bandave! Edi Rama \u00ebsht\u00eb i tmerruar nga mosbindja civile e deputet\u00ebve t\u00eb opozit\u00ebs. Ai ka urdh\u00ebrua forcat speciale t\u00eb gard\u00ebs, policis\u00eb, Renean q\u00eb t\u00eb shtypin dit\u00ebn e h\u00ebn\u00eb revolt\u00ebn e deputet\u00ebve t\u00eb opozit\u00ebs q\u00eb protestojn\u00eb p\u00ebr t\u00eb drejtat kushtetuese t\u00eb popullit opozitar dhe p\u00ebrfaq\u00ebsuesve t\u00eb tij n\u00eb parlament.Ai nes\u00ebr ka parashikuar q\u00eb me forc\u00eb, dhun\u00eb dhe terror t\u00eb kaloj\u00eb n\u00eb parlament buxhetin e vjedhjes m\u00eb t\u00eb madhe dhe gjobave m\u00eb t\u00eb r\u00ebnda p\u00ebr qytetar\u00ebt n\u00eb historin\u00eb e vendit e t\u00eb miratoj\u00eb buxhetin antiligjor, antikushtetues, t\u00eb Zoom-it dhe mejhaneve. P\u00ebr t\u00eb realizuar k\u00ebt\u00eb, ai prej dy dit\u00ebsh ka urdh\u00ebruar prova t\u00eb p\u00ebrgjithshme t\u00eb forcave speciale t\u00eb gard\u00ebs, Reneas dhe njesive speciale t\u00eb policis\u00eb n\u00eb sall\u00ebn e Parlamentit, mjediset tjera, brenda dhe p\u00ebrreth nd\u00ebrteses dhe oborrin e Parlamentit. P\u00ebrfaq\u00ebsuesit e popullit opozitar nes\u00ebr n\u00eb betej\u00ebn e tyre pa kthim, me guxim, vendosm\u00ebri do t\u00eb mbrojn\u00eb fuqish\u00ebm dhe t\u00eb pamposhtur pluralizmin politik, t\u00eb drejtat e tyre kushtetuese, intersat e popullit opozitar n\u00eb Parlament! Asgj\u00eb nuk mund t\u00eb mposht opozit\u00ebn e t\u00eb drejtave t\u00eb mohuara n\u00eb betej\u00ebn e saj pa kthim deri n\u00eb fitore!<\/p>\n\n<div style=\"font-size: 0px; height: 0px; line-height: 0px; margin: 0; padding: 0; clear: both;\"><\/div>","protected":false},"excerpt":{"rendered":"<p>Ish-kryeministri Sali Berisha ka th\u00ebn\u00eb se seanca plenare dit\u00ebs s\u00eb nes\u00ebrme n\u00eb parlament pritet t\u00eb jet\u00eb e rrethuar nga forcat speciale me urdh\u00ebr t\u00eb kryeministrit Edi Rama&#8230;. <\/p>\n","protected":false},"author":1,"featured_media":6851,"comment_status":"open","ping_status":"open","sticky":false,"template":"","format":"standard","meta":{"footnotes":""},"categories":[6],"tags":[],"class_list":["post-6850","post","type-post","status-publish","format-standard","has-post-thumbnail","hentry","category-lajme"],"_links":{"self":[{"href":"https:\/\/new.findnews5.com\/index.php?rest_route=\/wp\/v2\/posts\/6850","targetHints":{"allow":["GET"]}}],"collection":[{"href":"https:\/\/new.findnews5.com\/index.php?rest_route=\/wp\/v2\/posts"}],"about":[{"href":"https:\/\/new.findnews5.com\/index.php?rest_route=\/wp\/v2\/types\/post"}],"author":[{"embeddable":true,"href":"https:\/\/new.findnews5.com\/index.php?rest_route=\/wp\/v2\/users\/1"}],"replies":[{"embeddable":true,"href":"https:\/\/new.findnews5.com\/index.php?rest_route=%2Fwp%2Fv2%2Fcomments&post=6850"}],"version-history":[{"count":0,"href":"https:\/\/new.findnews5.com\/index.php?rest_route=\/wp\/v2\/posts\/6850\/revisions"}],"wp:featuredmedia":[{"embeddable":true,"href":"https:\/\/new.findnews5.com\/index.php?rest_route=\/wp\/v2\/media\/6851"}],"wp:attachment":[{"href":"https:\/\/new.findnews5.com\/index.php?rest_route=%2Fwp%2Fv2%2Fmedia&parent=6850"}],"wp:term":[{"taxonomy":"category","embeddable":true,"href":"https:\/\/new.findnews5.com\/index.php?rest_route=%2Fwp%2Fv2%2Fcategories&post=6850"},{"taxonomy":"post_tag","embeddable":true,"href":"https:\/\/new.findnews5.com\/index.php?rest_route=%2Fwp%2Fv2%2Ftags&post=6850"}],"curies":[{"name":"wp","href":"https:\/\/api.w.org\/{rel}","templated":true}]}}