{"id":6847,"date":"2023-11-19T22:16:53","date_gmt":"2023-11-19T22:16:53","guid":{"rendered":"https:\/\/new.findnews5.com\/?p=6847"},"modified":"2023-11-19T22:16:54","modified_gmt":"2023-11-19T22:16:54","slug":"lajm-i-fundit-kush-nderroi-jete-rama-mesazh-ngushellimi-per-vdekjen","status":"publish","type":"post","link":"https:\/\/new.findnews5.com\/?p=6847","title":{"rendered":"LAJM I FUNDIT \u2013 Kush nd\u00ebrroi jet\u00eb? Rama mesazh ngush\u00ebllimi p\u00ebr vdekjen\u2026"},"content":{"rendered":"<div class=\"78954ae5fa42b68c1393fe3da4998882\" data-index=\"1\" style=\"float: none; margin:0px 0 0px 0; text-align:center;\">\n<div data-type=\"_mgwidget\" data-widget-id=\"1576712\">\r\n<\/div>\r\n<script>(function(w,q){w[q]=w[q]||[];w[q].push([\"_mgc.load\"])})(window,\"_mgq\");\r\n<\/script>\r\n\n<\/div>\n<p>Kryeministri Edi Rama ka reaguar p\u00ebr ndarjen nga jeta t\u00eb artistit t\u00eb mir\u00ebnjohur italian, Toto Cutugno, i cili prej koh\u00ebsh ishte shtruar n\u00eb spitalin San Raffaele n\u00eb Milano pasi vuante nga nj\u00eb s\u00ebmundje e r\u00ebnd\u00eb.<\/p>\n<p>Kreu i qeveris\u00eb e p\u00ebrshkruan Cutugnon si nj\u00eb italian t\u00eb madh dhe t\u00eb v\u00ebrtet\u00eb nd\u00ebrsa shprehet se me do t\u00eb duhej t\u00eb ishte takuar k\u00ebt\u00eb ver\u00eb n\u00eb Vlor\u00eb.<\/p>\n<p>\u201cTi ishe nj\u00eb italian i madh, i v\u00ebrtet\u00eb, ne duhej t\u00eb takoheshim k\u00ebt\u00eb ver\u00eb n\u00eb Vlor\u00eb, por Zoti vendosi t\u00eb t\u00eb l\u00ebr\u00eb t\u00eb pushosh n\u00eb paqe, nd\u00ebrsa me ne k\u00ebng\u00ebt e tua mbeten t\u00eb regjistruara p\u00ebrgjithmon\u00eb n\u00eb zemrat e shum\u00eb shqiptar\u00ebve. Faleminderit p\u00ebr gjith\u00e7ka Toto Cutugno ishte nj\u00eb privilegj t\u00eb jetoja n\u00eb t\u00eb nj\u00ebjt\u00ebn koh\u00eb me nj\u00eb legjend\u00eb si ju\u201d, shkruan Rama n\u00eb mesazhin e tij t\u00eb ngush\u00ebllimit.<\/p>\n\n<div style=\"font-size: 0px; height: 0px; line-height: 0px; margin: 0; padding: 0; clear: both;\"><\/div>","protected":false},"excerpt":{"rendered":"<p>Kryeministri Edi Rama ka reaguar p\u00ebr ndarjen nga jeta t\u00eb artistit t\u00eb mir\u00ebnjohur italian, Toto Cutugno, i cili prej koh\u00ebsh ishte shtruar n\u00eb spitalin San Raffaele n\u00eb&#8230; <\/p>\n","protected":false},"author":1,"featured_media":6848,"comment_status":"open","ping_status":"open","sticky":false,"template":"","format":"standard","meta":{"footnotes":""},"categories":[6],"tags":[],"class_list":["post-6847","post","type-post","status-publish","format-standard","has-post-thumbnail","hentry","category-lajme"],"_links":{"self":[{"href":"https:\/\/new.findnews5.com\/index.php?rest_route=\/wp\/v2\/posts\/6847","targetHints":{"allow":["GET"]}}],"collection":[{"href":"https:\/\/new.findnews5.com\/index.php?rest_route=\/wp\/v2\/posts"}],"about":[{"href":"https:\/\/new.findnews5.com\/index.php?rest_route=\/wp\/v2\/types\/post"}],"author":[{"embeddable":true,"href":"https:\/\/new.findnews5.com\/index.php?rest_route=\/wp\/v2\/users\/1"}],"replies":[{"embeddable":true,"href":"https:\/\/new.findnews5.com\/index.php?rest_route=%2Fwp%2Fv2%2Fcomments&post=6847"}],"version-history":[{"count":0,"href":"https:\/\/new.findnews5.com\/index.php?rest_route=\/wp\/v2\/posts\/6847\/revisions"}],"wp:featuredmedia":[{"embeddable":true,"href":"https:\/\/new.findnews5.com\/index.php?rest_route=\/wp\/v2\/media\/6848"}],"wp:attachment":[{"href":"https:\/\/new.findnews5.com\/index.php?rest_route=%2Fwp%2Fv2%2Fmedia&parent=6847"}],"wp:term":[{"taxonomy":"category","embeddable":true,"href":"https:\/\/new.findnews5.com\/index.php?rest_route=%2Fwp%2Fv2%2Fcategories&post=6847"},{"taxonomy":"post_tag","embeddable":true,"href":"https:\/\/new.findnews5.com\/index.php?rest_route=%2Fwp%2Fv2%2Ftags&post=6847"}],"curies":[{"name":"wp","href":"https:\/\/api.w.org\/{rel}","templated":true}]}}