{"id":6830,"date":"2023-11-19T10:44:25","date_gmt":"2023-11-19T10:44:25","guid":{"rendered":"https:\/\/new.findnews5.com\/?p=6830"},"modified":"2023-11-19T10:44:26","modified_gmt":"2023-11-19T10:44:26","slug":"bieta-sulo-ben-ate-qe-nuk-ka-ndodhur-me-pare-ja-pse-largoi-nga-studio-te-ftuarin","status":"publish","type":"post","link":"https:\/\/new.findnews5.com\/?p=6830","title":{"rendered":"Bieta Sulo b\u00ebn at\u00eb q\u00eb nuk ka ndodhur m\u00eb par\u00eb, ja pse largoi nga studio t\u00eb ftuarin"},"content":{"rendered":"<div class=\"78954ae5fa42b68c1393fe3da4998882\" data-index=\"1\" style=\"float: none; margin:0px 0 0px 0; text-align:center;\">\n<div data-type=\"_mgwidget\" data-widget-id=\"1576712\">\r\n<\/div>\r\n<script>(function(w,q){w[q]=w[q]||[];w[q].push([\"_mgc.load\"])})(window,\"_mgq\");\r\n<\/script>\r\n\n<\/div>\n<p>Pas jehon\u00ebs q\u00eb pati debati dhe p\u00ebrplasja verbale mes Olsi Jazexhi dhe Zhaklin Lekatari, Bieta Sulo b\u00ebri nj\u00eb deklarat\u00eb n\u00eb nisje t\u00eb emisionit \u201cFtes\u00eb n\u00eb 5\u201d.<\/p>\n<p>\u201cDebati n\u00eb lidhje me poligjinin\u00eb, i zhvilluar n\u00eb \u201cFtes\u00eb n\u00eb 5\u201d n\u00eb dy puntata jav\u00ebn q\u00eb shkoi, pati nj\u00eb jehon\u00eb t\u00eb madhe publike. Megjith\u00ebse e prisnim nj\u00eb jehon\u00eb t\u00eb till\u00eb, ajo i tejkaloi edhe parashikimet tona. Debati u zgjerua n\u00eb rrjetet sociale, por edhe n\u00eb bisedat e zakonshme t\u00eb ndjek\u00ebsve t\u00eb emisionit n\u00eb dy drejtime: poligjinia vet\u00eb, si dhe episodi aspak i bukur dhe aspak qytetar i p\u00ebrplasjes s\u00eb ashp\u00ebr verbale midis Olsi Jazexhiut dhe Zhaklin\u00eb Lekatarit.<\/p>\n<p>Ag resioni verbal i Jazexhiut ndaj Lekatarit, mori p\u00ebrgjigje t\u00eb menj\u00ebhershme gjat\u00eb koh\u00ebs s\u00eb transmetimit t\u00eb drejtp\u00ebrdrejt\u00eb. Fillimisht Jazexhiut iu k\u00ebrkua q\u00eb t\u00eb moderonte tonet e bised\u00ebs, m\u00eb pas iu ul mikrofoni dhe n\u00eb fund pasi iu b\u00eb thirrje q\u00eb t\u00eb k\u00ebrkonte publikisht falje dhe ai nuk pranoi, iu nd\u00ebrpre lidhja duke e nxjerr\u00eb jasht\u00eb emisionit.<br \/>\nN\u00eb Shqip\u00ebri, \u00ebsht\u00eb b\u00ebr\u00eb m\u00eb se e zakonshme t\u00eb shikojm\u00eb debate tok sike, ku fyerjet fluturojn\u00eb sa nga nj\u00eb an\u00eb n\u00eb an\u00ebn tjet\u00ebr dhe denigrimi i individit \u00ebsht\u00eb kthyer n\u00eb a rm\u00eb debati q\u00eb ka z\u00ebvend\u00ebsuar logjik\u00ebn dhe argumentin. P\u00ebr ne t\u00eb \u201cFtes\u00eb n\u00eb 5\u201d, kjo \u00ebsht\u00eb e papranueshme dhe \u00ebsht\u00eb shkelje e standardit t\u00eb komunikimit televiziv. P\u00ebr k\u00ebt\u00eb arsye si asnj\u00ebher\u00eb m\u00eb par\u00eb n\u00eb k\u00ebt\u00eb vend dhe p\u00ebr her\u00eb t\u00eb par\u00eb p\u00ebr nj\u00eb arsye t\u00eb till\u00eb, un\u00eb vendosa t\u00eb largoj nga emisioni t\u00eb ftuarin q\u00eb u soll si agresor, pasi disa her\u00eb iu b\u00eb thirrje t\u00eb moderohej dhe iu dha mund\u00ebsia t\u00eb k\u00ebrkonte ndjes\u00eb p\u00ebrgjat\u00eb transmetimit te drejtp\u00ebrdrejt\u00eb.<\/p>\n<p>Ngjarja dhe debati qoft\u00eb edhe i ashp\u00ebr n\u00eb studio, n\u00eb bindjen time \u00ebsht\u00eb n\u00eb interes jo vet\u00ebm t\u00eb suksesit t\u00eb emisionit, por mbi te gjitha t\u00eb emancipimit t\u00eb nj\u00eb shoq\u00ebrie ku bashk\u00ebjetesa e ideve t\u00eb ndryshme dhe pse jo edhe t\u00eb kund\u00ebrta, \u00ebsht\u00eb nj\u00eb norm\u00eb, dhe jo nj\u00eb p\u00ebrjashtim.<\/p>\n<p>N\u00eb bindjen time debati kultivon toleranc\u00ebn. I vetmi q\u00ebndrim intolerant imi dhe televizionit ku un\u00eb punoj, \u00ebsht\u00eb ai ndaj denigrimit t\u00eb personalitetit. Besoj q\u00eb edhe kjo ngjarje e jav\u00ebs q\u00eb shkoi e v\u00ebrteton k\u00ebt\u00eb. Faleminderit.\u201d<\/p>\n\n<div style=\"font-size: 0px; height: 0px; line-height: 0px; margin: 0; padding: 0; clear: both;\"><\/div>","protected":false},"excerpt":{"rendered":"<p>Pas jehon\u00ebs q\u00eb pati debati dhe p\u00ebrplasja verbale mes Olsi Jazexhi dhe Zhaklin Lekatari, Bieta Sulo b\u00ebri nj\u00eb deklarat\u00eb n\u00eb nisje t\u00eb emisionit \u201cFtes\u00eb n\u00eb 5\u201d. \u201cDebati&#8230; <\/p>\n","protected":false},"author":1,"featured_media":6831,"comment_status":"open","ping_status":"open","sticky":false,"template":"","format":"standard","meta":{"footnotes":""},"categories":[6],"tags":[],"class_list":["post-6830","post","type-post","status-publish","format-standard","has-post-thumbnail","hentry","category-lajme"],"_links":{"self":[{"href":"https:\/\/new.findnews5.com\/index.php?rest_route=\/wp\/v2\/posts\/6830","targetHints":{"allow":["GET"]}}],"collection":[{"href":"https:\/\/new.findnews5.com\/index.php?rest_route=\/wp\/v2\/posts"}],"about":[{"href":"https:\/\/new.findnews5.com\/index.php?rest_route=\/wp\/v2\/types\/post"}],"author":[{"embeddable":true,"href":"https:\/\/new.findnews5.com\/index.php?rest_route=\/wp\/v2\/users\/1"}],"replies":[{"embeddable":true,"href":"https:\/\/new.findnews5.com\/index.php?rest_route=%2Fwp%2Fv2%2Fcomments&post=6830"}],"version-history":[{"count":0,"href":"https:\/\/new.findnews5.com\/index.php?rest_route=\/wp\/v2\/posts\/6830\/revisions"}],"wp:featuredmedia":[{"embeddable":true,"href":"https:\/\/new.findnews5.com\/index.php?rest_route=\/wp\/v2\/media\/6831"}],"wp:attachment":[{"href":"https:\/\/new.findnews5.com\/index.php?rest_route=%2Fwp%2Fv2%2Fmedia&parent=6830"}],"wp:term":[{"taxonomy":"category","embeddable":true,"href":"https:\/\/new.findnews5.com\/index.php?rest_route=%2Fwp%2Fv2%2Fcategories&post=6830"},{"taxonomy":"post_tag","embeddable":true,"href":"https:\/\/new.findnews5.com\/index.php?rest_route=%2Fwp%2Fv2%2Ftags&post=6830"}],"curies":[{"name":"wp","href":"https:\/\/api.w.org\/{rel}","templated":true}]}}