{"id":6446,"date":"2023-11-15T14:13:04","date_gmt":"2023-11-15T14:13:04","guid":{"rendered":"https:\/\/new.findnews5.com\/?p=6446"},"modified":"2023-11-15T14:13:05","modified_gmt":"2023-11-15T14:13:05","slug":"nderhyrjet-estetike-nuk-jane-me-nje-pune-grash-kush-jane-burrat-e-famshem-qe-kane-bere-korrigjime","status":"publish","type":"post","link":"https:\/\/new.findnews5.com\/?p=6446","title":{"rendered":"Nd\u00ebrhyrjet estetike nuk jan\u00eb m\u00eb nj\u00eb \u201cpun\u00eb grash\u201d: Kush jan\u00eb burrat e famsh\u00ebm q\u00eb kan\u00eb b\u00ebr\u00eb \u2018korrigjime\u2019"},"content":{"rendered":"<div class=\"78954ae5fa42b68c1393fe3da4998882\" data-index=\"1\" style=\"float: none; margin:0px 0 0px 0; text-align:center;\">\n<div data-type=\"_mgwidget\" data-widget-id=\"1576712\">\r\n<\/div>\r\n<script>(function(w,q){w[q]=w[q]||[];w[q].push([\"_mgc.load\"])})(window,\"_mgq\");\r\n<\/script>\r\n\n<\/div>\n<p>N\u00ebse m\u00eb para toksina botulinike e tipit A (e njohur gjer\u00ebsisht si botoks) dhe nd\u00ebrhyrjet estetike p\u00ebr t\u00eb korrigjuar hund\u00ebn, vesh\u00ebt etj., ishin ndryshime q\u00eb lidheshin zakonisht me grat\u00eb, n\u00eb dit\u00ebt e sotme duket se burrat nuk p\u00ebrb\u00ebjn\u00eb p\u00ebrjashtim.<\/p>\n<p>Vet\u00ebm disa dit\u00eb m\u00eb par\u00eb, Arjan Konomi pranoi se \u201ckan\u00eb ndodhur disa ndryshime\u201d n\u00eb portretin e tij. I ftuar te \u201cRudina\u201d, ai u shfaq me nj\u00eb pamje ndryshe nga \u00e7far\u00eb ishim m\u00ebsuar ta shihnim koh\u00ebve t\u00eb fundit gjat\u00eb udh\u00ebtimeve n\u00ebp\u00ebr bot\u00eb. Ai tregoi se ka mbjell\u00eb flok\u00ebt dhe ka \u201cprekur\u201d disa gj\u00ebra n\u00eb fytyr\u00eb, pa u ndalur konkretisht n\u00eb detaje.<\/p>\n<p>N\u00eb nj\u00eb intervist\u00eb p\u00ebr \u201cE diela jon\u00eb\u201d n\u00eb RTSH me moderatorin Ermal Pe\u00e7i, aktori Erion Isai pranoi se gjat\u00eb periudh\u00ebs s\u00eb gushtit vendosi t\u00eb kryente nj\u00eb nd\u00ebrhyrje p\u00ebr t\u00eb korrigjuar hund\u00ebn dhe vesh\u00ebt.<\/p>\n<p>Pak koh\u00eb m\u00eb par\u00eb, gazetari Bledi Strakosha pranoi te \u201cRudina\u201d se ka b\u00ebr\u00eb botoks dhe nuk ka turp ta tregoj\u00eb. \u201cKam b\u00ebr\u00eb dy her\u00eb botoks dhe nuk kam turp ta them. E kam b\u00ebr\u00eb p\u00ebr t\u00eb nd\u00ebrhyr\u00eb pak n\u00eb rrudhat e shprehis\u00eb n\u00eb ball\u00eb dhe te syt\u00eb. Un\u00eb kam edhe nj\u00eb problem, qeset posht\u00eb syve. M\u00eb sugjeruan q\u00eb t\u2019i hiqja dhe ato, por nuk pranova, sepse doja ta njihja veten kur t\u00eb dilja para pasqyr\u00ebs,\u201d tha ai.<\/p>\n<p>N\u00eb vitin 2017, Agron Llakaj provoi trendin t\u00eb botoksit, por vet\u00ebm p\u00ebr t\u00eb mos e b\u00ebr\u00eb kurr\u00eb m\u00eb. Llakaj tregoi se pasi b\u00ebri botoks n\u00eb fytyr\u00eb, nuk e njihte veten. Fytyra i kishte ngrir\u00eb, vetullat i q\u00ebndronin lart dhe shkurt dhe kuptoi q\u00eb kjo pun\u00eb s\u2019b\u00ebnte p\u00ebr t\u00eb. Humoristi e konsideroi botoksin ide jo t\u00eb mir\u00eb sepse rolet e tij kan\u00eb shum\u00eb t\u00eb r\u00ebnd\u00ebsishme mimik\u00ebn dhe ai nuk e kontrollonte dot aq mir\u00eb fytyr\u00ebn.<\/p>\n<p>Kryeministri Edi Rama \u00ebsht\u00eb p\u00ebrfolur m\u00eb par\u00eb se mund t\u00eb ket\u00eb b\u00ebr\u00eb botoks, pretendime t\u00eb cilat Rama i mohoi duke th\u00ebn\u00eb se duket \u201cpapritur i qeshur dhe l\u00ebkura ime papritur \u00ebsht\u00eb dukur si l\u00ebkura e Fevziut\u201d sepse ka m\u00eb \u201cpak lodhje dhe stres\u201d dhe \u201cdielli ka filluar t\u00eb shk\u00eblqej\u00eb p\u00ebrs\u00ebri mbi Shqip\u00ebrin\u00eb\u201d. Nj\u00eb ekspert i fush\u00ebs ka treguar n\u00eb anonimitet se \u201cp\u00ebrve\u00e7 botoksit t\u00eb injektuar n\u00eb pjes\u00ebn e sip\u00ebrme t\u00eb ballit, doza jo t\u00eb vogla materialit filler jan\u00eb p\u00ebrdorur n\u00eb pjes\u00ebn posht\u00eb syve si dhe n\u00eb at\u00eb q\u00eb ndan syt\u00eb me vesh\u00ebt\u201d.<\/p>\n<p>N\u00eb nj\u00eb intervist\u00eb, Erion Bra\u00e7e u shpreh se \u201cnuk merret me burra q\u00eb b\u00ebjn\u00eb botoks\u201d (duke iu referuar Ervin Salianjit). Sidoqoft\u00eb, e v\u00ebrtet\u00eb ose jo, Salianji duksh\u00ebm nuk \u00ebsht\u00eb i pari p\u00ebr t\u00eb cilin p\u00ebrflitet se ka b\u00ebr\u00eb botoks.<\/p>\n<p>N\u00eb nj\u00eb intervist\u00eb p\u00ebr \u201cFtes\u00eb n\u00eb pes\u00eb\u201d n\u00eb Top Channel, kirurgu plastik Panajot Papa tha se \u201cpolitikan\u00eb t\u00eb njohur kan\u00eb kryer botoks tek ai\u201d dhe kan\u00eb k\u00ebrkuar \u2013 me t\u00eb drejt\u00ebn e pacientit p\u00ebr ruajtje t\u00eb privat\u00ebsis\u00eb \u2013 q\u00eb t\u00eb mos u dal\u00eb emri.<\/p>\n<p>GETOAR SELIMI \u2013 \u00cbSHT\u00cb P\u00cbRFOLUR Q\u00cb KA KRYER NJ\u00cb ND\u00cbRHYRJE P\u00cbR KORRIGJIMIN E VESH\u00cbVE.<\/p>\n<p>\u201cBurrat kan\u00eb qen\u00eb gjithmon\u00eb t\u00eb lidhur me sh\u00ebndetin dhe mir\u00ebqenien n\u00eb lidhje me atletik\u00ebn, st\u00ebrvitjen me pesha dhe nd\u00ebrtimin e trupit. K\u00ebto aktivitete jo vet\u00ebm q\u00eb shfaqin aft\u00ebsi, por gjithashtu p\u00ebrqendrohen te imazhi i trupit n\u00eb nj\u00eb far\u00eb mase,\u201d shpjegon kirurgu Jaclyn Tomsic p\u00ebr Fortune. \u201cBotoksi dhe procedurat e tjera kozmetike ofrojn\u00eb nj\u00eb rrug\u00eb tjet\u00ebr p\u00ebr t\u2019u ndjer\u00eb m\u00eb mir\u00eb.\u201d \/Marr\u00eb me shkurtime nga Anabel.al<\/p>\n\n<div style=\"font-size: 0px; height: 0px; line-height: 0px; margin: 0; padding: 0; clear: both;\"><\/div>","protected":false},"excerpt":{"rendered":"<p>N\u00ebse m\u00eb para toksina botulinike e tipit A (e njohur gjer\u00ebsisht si botoks) dhe nd\u00ebrhyrjet estetike p\u00ebr t\u00eb korrigjuar hund\u00ebn, vesh\u00ebt etj., ishin ndryshime q\u00eb lidheshin zakonisht&#8230; <\/p>\n","protected":false},"author":1,"featured_media":6447,"comment_status":"open","ping_status":"open","sticky":false,"template":"","format":"standard","meta":{"footnotes":""},"categories":[6],"tags":[],"class_list":["post-6446","post","type-post","status-publish","format-standard","has-post-thumbnail","hentry","category-lajme"],"_links":{"self":[{"href":"https:\/\/new.findnews5.com\/index.php?rest_route=\/wp\/v2\/posts\/6446","targetHints":{"allow":["GET"]}}],"collection":[{"href":"https:\/\/new.findnews5.com\/index.php?rest_route=\/wp\/v2\/posts"}],"about":[{"href":"https:\/\/new.findnews5.com\/index.php?rest_route=\/wp\/v2\/types\/post"}],"author":[{"embeddable":true,"href":"https:\/\/new.findnews5.com\/index.php?rest_route=\/wp\/v2\/users\/1"}],"replies":[{"embeddable":true,"href":"https:\/\/new.findnews5.com\/index.php?rest_route=%2Fwp%2Fv2%2Fcomments&post=6446"}],"version-history":[{"count":0,"href":"https:\/\/new.findnews5.com\/index.php?rest_route=\/wp\/v2\/posts\/6446\/revisions"}],"wp:featuredmedia":[{"embeddable":true,"href":"https:\/\/new.findnews5.com\/index.php?rest_route=\/wp\/v2\/media\/6447"}],"wp:attachment":[{"href":"https:\/\/new.findnews5.com\/index.php?rest_route=%2Fwp%2Fv2%2Fmedia&parent=6446"}],"wp:term":[{"taxonomy":"category","embeddable":true,"href":"https:\/\/new.findnews5.com\/index.php?rest_route=%2Fwp%2Fv2%2Fcategories&post=6446"},{"taxonomy":"post_tag","embeddable":true,"href":"https:\/\/new.findnews5.com\/index.php?rest_route=%2Fwp%2Fv2%2Ftags&post=6446"}],"curies":[{"name":"wp","href":"https:\/\/api.w.org\/{rel}","templated":true}]}}