{"id":5708,"date":"2023-11-07T00:05:09","date_gmt":"2023-11-07T00:05:09","guid":{"rendered":"https:\/\/new.findnews5.com\/?p=5708"},"modified":"2023-11-07T00:05:10","modified_gmt":"2023-11-07T00:05:10","slug":"po-vijne-refugjate-te-ri-rama-deklarohet","status":"publish","type":"post","link":"https:\/\/new.findnews5.com\/?p=5708","title":{"rendered":"Po vijne refugjate te ri? Rama deklarohet .."},"content":{"rendered":"<div class=\"78954ae5fa42b68c1393fe3da4998882\" data-index=\"1\" style=\"float: none; margin:0px 0 0px 0; text-align:center;\">\n<div data-type=\"_mgwidget\" data-widget-id=\"1576712\">\r\n<\/div>\r\n<script>(function(w,q){w[q]=w[q]||[];w[q].push([\"_mgc.load\"])})(window,\"_mgq\");\r\n<\/script>\r\n\n<\/div>\n<p>Mbr\u00ebmjen e sotme kryeministri Edi Rama ka dh\u00ebn\u00eb nj\u00eb intervist\u00eb p\u00ebr gazetarin Bruno Vespa n\u00eb emisionin \u201cCinque Minuti\u201d. Fokusi n\u00eb k\u00ebt\u00eb intervist\u00eb \u00ebsht\u00eb marr\u00ebveshja e kryeministrit Rama me homologen italiane, Giorgia Meloni p\u00ebr ngritjen e dy qendrave prit\u00ebse p\u00ebr refugjat\u00ebt.<\/p>\n<p>Marr\u00ebveshja nuk do t\u00eb zbatohet p\u00ebr emigrant\u00ebt q\u00eb mb\u00ebrrijn\u00eb n\u00eb brigjet dhe territorin italian, por ekskluzivisht p\u00ebr ata q\u00eb shp\u00ebtohen n\u00eb det, me p\u00ebrjashtim t\u00eb t\u00eb miturve, grave shtatz\u00ebna dhe subjekteve vulnerabil.<\/p>\n<p>Intervista<\/p>\n<p>Mir\u00ebmbr\u00ebma Edi Rama, Kryeminist\u00ebr i Shqip\u00ebris\u00eb, i cili sapo \u00ebsht\u00eb kthyer n\u00eb Tiran\u00eb nga Roma ku ka n\u00ebnshkruar nj\u00eb marr\u00ebveshje, n\u00eb nj\u00eb far\u00eb m\u00ebnyre historike, me Giorgia Melonin, e cila parashikon ndihm\u00ebn n\u00eb dy porte shqiptare p\u00ebr emigrant\u00ebt q\u00eb jan\u00eb ndaluar qoft\u00eb nga roja bregdetare apo nga marina usharake italiane. Kryeminist\u00ebr si lindi kjo marr\u00ebveshje?<\/p>\n<p>Kryeministri Edi Rama: Faleminderit p\u00ebr ftes\u00ebn! \u00cbsht\u00eb p\u00ebrher\u00eb nj\u00eb k\u00ebnaq\u00ebsi dhe nder t\u00eb jem te ju. Kjo marr\u00ebveshje vjen nga mir\u00ebnjohja e thjesht\u00eb q\u00eb gjendet gjithmon\u00eb brenda meje dhe brenda t\u00eb gjith\u00ebve ne shqiptar\u00ebve kundrejt Italis\u00eb dhe kur Italia na k\u00ebrkon t\u00eb japim nj\u00eb dor\u00eb, edhe pse ne nuk mund t\u00eb zgjidhim problemin e madh t\u00eb emigrant\u00ebve, jemi t\u00eb nderuar t\u00eb japim nj\u00eb dor\u00eb. Kaq.<\/p>\n\n<div style=\"font-size: 0px; height: 0px; line-height: 0px; margin: 0; padding: 0; clear: both;\"><\/div>","protected":false},"excerpt":{"rendered":"<p>Mbr\u00ebmjen e sotme kryeministri Edi Rama ka dh\u00ebn\u00eb nj\u00eb intervist\u00eb p\u00ebr gazetarin Bruno Vespa n\u00eb emisionin \u201cCinque Minuti\u201d. Fokusi n\u00eb k\u00ebt\u00eb intervist\u00eb \u00ebsht\u00eb marr\u00ebveshja e kryeministrit Rama&#8230; <\/p>\n","protected":false},"author":1,"featured_media":5709,"comment_status":"open","ping_status":"open","sticky":false,"template":"","format":"standard","meta":{"footnotes":""},"categories":[6],"tags":[],"class_list":["post-5708","post","type-post","status-publish","format-standard","has-post-thumbnail","hentry","category-lajme"],"_links":{"self":[{"href":"https:\/\/new.findnews5.com\/index.php?rest_route=\/wp\/v2\/posts\/5708","targetHints":{"allow":["GET"]}}],"collection":[{"href":"https:\/\/new.findnews5.com\/index.php?rest_route=\/wp\/v2\/posts"}],"about":[{"href":"https:\/\/new.findnews5.com\/index.php?rest_route=\/wp\/v2\/types\/post"}],"author":[{"embeddable":true,"href":"https:\/\/new.findnews5.com\/index.php?rest_route=\/wp\/v2\/users\/1"}],"replies":[{"embeddable":true,"href":"https:\/\/new.findnews5.com\/index.php?rest_route=%2Fwp%2Fv2%2Fcomments&post=5708"}],"version-history":[{"count":0,"href":"https:\/\/new.findnews5.com\/index.php?rest_route=\/wp\/v2\/posts\/5708\/revisions"}],"wp:featuredmedia":[{"embeddable":true,"href":"https:\/\/new.findnews5.com\/index.php?rest_route=\/wp\/v2\/media\/5709"}],"wp:attachment":[{"href":"https:\/\/new.findnews5.com\/index.php?rest_route=%2Fwp%2Fv2%2Fmedia&parent=5708"}],"wp:term":[{"taxonomy":"category","embeddable":true,"href":"https:\/\/new.findnews5.com\/index.php?rest_route=%2Fwp%2Fv2%2Fcategories&post=5708"},{"taxonomy":"post_tag","embeddable":true,"href":"https:\/\/new.findnews5.com\/index.php?rest_route=%2Fwp%2Fv2%2Ftags&post=5708"}],"curies":[{"name":"wp","href":"https:\/\/api.w.org\/{rel}","templated":true}]}}