{"id":5678,"date":"2023-11-06T15:47:37","date_gmt":"2023-11-06T15:47:37","guid":{"rendered":"https:\/\/new.findnews5.com\/?p=5678"},"modified":"2023-11-06T15:47:38","modified_gmt":"2023-11-06T15:47:38","slug":"berisha-injoron-spak-un-flet-serish-jashte-kryesise-rames-i-ka-hyre-lepuri-ne-bark","status":"publish","type":"post","link":"https:\/\/new.findnews5.com\/?p=5678","title":{"rendered":"Berisha injoron SPAK-un\/ Flet s\u00ebrish jasht\u00eb Kryesis\u00eb: Ram\u00ebs i ka hyr\u00eb lepuri n\u00eb bark\u2026"},"content":{"rendered":"<div class=\"78954ae5fa42b68c1393fe3da4998882\" data-index=\"1\" style=\"float: none; margin:0px 0 0px 0; text-align:center;\">\n<div data-type=\"_mgwidget\" data-widget-id=\"1576712\">\r\n<\/div>\r\n<script>(function(w,q){w[q]=w[q]||[];w[q].push([\"_mgc.load\"])})(window,\"_mgq\");\r\n<\/script>\r\n\n<\/div>\n<p>Sali Berisha ka folur p\u00ebr gazetar\u00ebt, k\u00ebt\u00eb her\u00eb jasht\u00eb ambienteve t\u00eb Kryesis\u00eb, duke th\u00ebn\u00eb se opozita \u00ebsht\u00eb gati p\u00ebr \u00e7do sakrific\u00eb p\u00ebr t\u00eb mbrojtur pluralizmin.<\/p>\n<p>Sali Berisha ka refuzuar t\u00eb shkoj\u00eb dit\u00ebn e sotme n\u00eb SPAK, pas vendimit t\u00eb GJKKO, sipas t\u00eb cilit, ai duhet t\u00eb paraqitet n\u00eb ambientet e SPAK dy her\u00eb n\u00eb muaj.<\/p>\n<p>\u201cSituat\u00ebn kritike q\u00eb ndodhet n\u00eb vend tregon frik\u00ebn e tmerrshme, lepurin e madh q\u00eb i ka hyr\u00eb n\u00eb bark Ram\u00ebs dhe organizat\u00ebs s\u00eb tij kriminale. Kurr\u00eb ndonj\u00ebher\u00eb nuk mundet nj\u00eb roje t\u00eb ndaloj\u00eb nj\u00eb deputet t\u00eb hyj\u00eb n\u00eb nj\u00eb institucion, l\u00eb m\u00eb n\u00eb zyr\u00ebn e tij. P\u00ebr her\u00eb t\u00eb par\u00eb n\u00eb historin\u00eb deputet\u00ebt u detyruan t\u00eb b\u00ebjn\u00eb Tarzanin dhe t\u00eb ngjiten mbi mure. Ky akt \u00ebsht\u00eb atentati m\u00eb i r\u00ebnd\u00eb ndaj pluralizmit. I drejtohem popullit opozitar, opozita po q\u00ebndron e gatshme p\u00ebr \u00e7do sakrific\u00eb p\u00ebr t\u00eb mbrojtur idealet tuaja, se Shqip\u00ebria duhet t\u00eb jet\u00eb vend pluralist\u201d, tha Berisha.<\/p>\n\n<div style=\"font-size: 0px; height: 0px; line-height: 0px; margin: 0; padding: 0; clear: both;\"><\/div>","protected":false},"excerpt":{"rendered":"<p>Sali Berisha ka folur p\u00ebr gazetar\u00ebt, k\u00ebt\u00eb her\u00eb jasht\u00eb ambienteve t\u00eb Kryesis\u00eb, duke th\u00ebn\u00eb se opozita \u00ebsht\u00eb gati p\u00ebr \u00e7do sakrific\u00eb p\u00ebr t\u00eb mbrojtur pluralizmin. Sali Berisha&#8230; <\/p>\n","protected":false},"author":1,"featured_media":5679,"comment_status":"open","ping_status":"open","sticky":false,"template":"","format":"standard","meta":{"footnotes":""},"categories":[6],"tags":[],"class_list":["post-5678","post","type-post","status-publish","format-standard","has-post-thumbnail","hentry","category-lajme"],"_links":{"self":[{"href":"https:\/\/new.findnews5.com\/index.php?rest_route=\/wp\/v2\/posts\/5678","targetHints":{"allow":["GET"]}}],"collection":[{"href":"https:\/\/new.findnews5.com\/index.php?rest_route=\/wp\/v2\/posts"}],"about":[{"href":"https:\/\/new.findnews5.com\/index.php?rest_route=\/wp\/v2\/types\/post"}],"author":[{"embeddable":true,"href":"https:\/\/new.findnews5.com\/index.php?rest_route=\/wp\/v2\/users\/1"}],"replies":[{"embeddable":true,"href":"https:\/\/new.findnews5.com\/index.php?rest_route=%2Fwp%2Fv2%2Fcomments&post=5678"}],"version-history":[{"count":0,"href":"https:\/\/new.findnews5.com\/index.php?rest_route=\/wp\/v2\/posts\/5678\/revisions"}],"wp:featuredmedia":[{"embeddable":true,"href":"https:\/\/new.findnews5.com\/index.php?rest_route=\/wp\/v2\/media\/5679"}],"wp:attachment":[{"href":"https:\/\/new.findnews5.com\/index.php?rest_route=%2Fwp%2Fv2%2Fmedia&parent=5678"}],"wp:term":[{"taxonomy":"category","embeddable":true,"href":"https:\/\/new.findnews5.com\/index.php?rest_route=%2Fwp%2Fv2%2Fcategories&post=5678"},{"taxonomy":"post_tag","embeddable":true,"href":"https:\/\/new.findnews5.com\/index.php?rest_route=%2Fwp%2Fv2%2Ftags&post=5678"}],"curies":[{"name":"wp","href":"https:\/\/api.w.org\/{rel}","templated":true}]}}