{"id":5675,"date":"2023-11-06T15:35:29","date_gmt":"2023-11-06T15:35:29","guid":{"rendered":"https:\/\/new.findnews5.com\/?p=5675"},"modified":"2023-11-06T15:35:30","modified_gmt":"2023-11-06T15:35:30","slug":"po-i-ben-karshillek-spak-ut-berisha-sulmon-dumanin-sillet-si-bandit","status":"publish","type":"post","link":"https:\/\/new.findnews5.com\/?p=5675","title":{"rendered":"Po i b\u00ebn \u201ckarshill\u00ebk\u201d SPAK-ut, Berisha sulmon Dumanin: Sillet si bandit\u2026"},"content":{"rendered":"<div class=\"78954ae5fa42b68c1393fe3da4998882\" data-index=\"1\" style=\"float: none; margin:0px 0 0px 0; text-align:center;\">\n<div data-type=\"_mgwidget\" data-widget-id=\"1576712\">\r\n<\/div>\r\n<script>(function(w,q){w[q]=w[q]||[];w[q].push([\"_mgc.load\"])})(window,\"_mgq\");\r\n<\/script>\r\n\n<\/div>\n<p>Sali Berisha ka sulmuar ashp\u00ebr SPAK e cila ka nisur hetime ndaj tij, nd\u00ebrsa dh\u00ebndri i tij \u00ebsht\u00eb arrestuar p\u00ebr afer\u00ebn e ish-kompleks \u201cPartizanit\u201d.<\/p>\n<p>Berisha sulmoi kreun e SPAK, Altin Dumanin, teksa tha se nuk guxon q\u00eb t\u00eb d\u00ebrgoj\u00eb k\u00ebrkes\u00eb n\u00eb Kuvend pasi \u201csillet si bandit dhe jo si zyrtar\u201d.<\/p>\n<p>\u201cA e kupton ti q\u00eb ai nuk guxon ta b\u00ebj\u00eb ta b\u00ebj\u00eb k\u00ebt\u00eb se ai duhej t\u00eb sillej jo si bandit, por si zyrtar dhe t\u00eb k\u00ebrkonte q\u00eb Sali Berisha t\u00eb paraqitet, k\u00ebto dhe k\u00ebto, dhe ta vendoste parlamenti, do ta votonte edhe Sali Berisha vet\u00eb. Por ai nuk e b\u00ebn k\u00ebt\u00eb se do t\u00eb sillet si bandit. Dhe ju dhe askush nuk duhet t\u00eb b\u00ebj\u00eb avokatin\u00eb e nj\u00eb banditi. Sepse avokatia e nj\u00eb banditi nuk i sh\u00ebrben asnjeriu\u201d, tha Berisha.<\/p>\n<p>Sali Berisha po i b\u00ebn \u201ckarshillek\u201d SPAK-ut pasi ka refuzuar t\u00eb shkoj\u00eb dit\u00ebn e sotme n\u00eb Prokurori, pas vendimit t\u00eb GJKKO, sipas t\u00eb cilit, ai duhet t\u00eb paraqitet n\u00eb ambientet e SPAK dy her\u00eb n\u00eb muaj.<\/p>\n\n<div style=\"font-size: 0px; height: 0px; line-height: 0px; margin: 0; padding: 0; clear: both;\"><\/div>","protected":false},"excerpt":{"rendered":"<p>Sali Berisha ka sulmuar ashp\u00ebr SPAK e cila ka nisur hetime ndaj tij, nd\u00ebrsa dh\u00ebndri i tij \u00ebsht\u00eb arrestuar p\u00ebr afer\u00ebn e ish-kompleks \u201cPartizanit\u201d. Berisha sulmoi kreun&#8230; <\/p>\n","protected":false},"author":1,"featured_media":5676,"comment_status":"open","ping_status":"open","sticky":false,"template":"","format":"standard","meta":{"footnotes":""},"categories":[6],"tags":[],"class_list":["post-5675","post","type-post","status-publish","format-standard","has-post-thumbnail","hentry","category-lajme"],"_links":{"self":[{"href":"https:\/\/new.findnews5.com\/index.php?rest_route=\/wp\/v2\/posts\/5675","targetHints":{"allow":["GET"]}}],"collection":[{"href":"https:\/\/new.findnews5.com\/index.php?rest_route=\/wp\/v2\/posts"}],"about":[{"href":"https:\/\/new.findnews5.com\/index.php?rest_route=\/wp\/v2\/types\/post"}],"author":[{"embeddable":true,"href":"https:\/\/new.findnews5.com\/index.php?rest_route=\/wp\/v2\/users\/1"}],"replies":[{"embeddable":true,"href":"https:\/\/new.findnews5.com\/index.php?rest_route=%2Fwp%2Fv2%2Fcomments&post=5675"}],"version-history":[{"count":0,"href":"https:\/\/new.findnews5.com\/index.php?rest_route=\/wp\/v2\/posts\/5675\/revisions"}],"wp:featuredmedia":[{"embeddable":true,"href":"https:\/\/new.findnews5.com\/index.php?rest_route=\/wp\/v2\/media\/5676"}],"wp:attachment":[{"href":"https:\/\/new.findnews5.com\/index.php?rest_route=%2Fwp%2Fv2%2Fmedia&parent=5675"}],"wp:term":[{"taxonomy":"category","embeddable":true,"href":"https:\/\/new.findnews5.com\/index.php?rest_route=%2Fwp%2Fv2%2Fcategories&post=5675"},{"taxonomy":"post_tag","embeddable":true,"href":"https:\/\/new.findnews5.com\/index.php?rest_route=%2Fwp%2Fv2%2Ftags&post=5675"}],"curies":[{"name":"wp","href":"https:\/\/api.w.org\/{rel}","templated":true}]}}