{"id":5669,"date":"2023-11-06T15:28:07","date_gmt":"2023-11-06T15:28:07","guid":{"rendered":"https:\/\/new.findnews5.com\/?p=5669"},"modified":"2023-11-06T15:28:07","modified_gmt":"2023-11-06T15:28:07","slug":"ja-pse-antishqiptaret-nuk-e-duan-marin-mema-dhe-elena-kocaqi-kjo-video-tregon-te-gjitha","status":"publish","type":"post","link":"https:\/\/new.findnews5.com\/?p=5669","title":{"rendered":"Ja pse antishqiptar\u00ebt nuk e duan Marin MEMA dhe Elena Kocaqi? Kjo video tregon t\u00eb gjitha"},"content":{"rendered":"<div class=\"78954ae5fa42b68c1393fe3da4998882\" data-index=\"1\" style=\"float: none; margin:0px 0 0px 0; text-align:center;\">\n<div data-type=\"_mgwidget\" data-widget-id=\"1576712\">\r\n<\/div>\r\n<script>(function(w,q){w[q]=w[q]||[];w[q].push([\"_mgc.load\"])})(window,\"_mgq\");\r\n<\/script>\r\n\n<\/div>\n<p>Ja pse nuk e duan Marin MEMA dhe Elena Kocaqi?<\/p>\n<p>Sepse ata flasin t\u00eb v\u00ebrtet\u00ebn p\u00ebr Historin\u00eb, dhe p\u00ebr ndryshimin e emrave n\u00eb Kor\u00e7\u00eb.<\/p>\n<p>E dim shum\u00eb mir\u00eb q\u00eb ndodh kjo n\u00eb Kor\u00e7\u00eb nga vitet 1991 e vazhdon akoma. Shumica e emrave jan\u00eb v\u00ebn\u00eb pas fes\u00eb apo pas sistemit Komunist. Mund t\u00eb ndryshosh fen\u00eb + emrin, por jo Kombesin\u00eb se je Shqiptar kudo qe te shkosh.????????????????????????????????????<\/p>\n<p><iframe loading=\"lazy\" src=\"https:\/\/www.facebook.com\/plugins\/video.php?height=335&#038;href=https%3A%2F%2Fwww.facebook.com%2F100080236398040%2Fvideos%2F238175972525113%2F&#038;show_text=false&#038;width=560&#038;t=0\" width=\"560\" height=\"335\" style=\"border:none;overflow:hidden\" scrolling=\"no\" frameborder=\"0\" allowfullscreen=\"true\" allow=\"autoplay; clipboard-write; encrypted-media; picture-in-picture; web-share\" allowFullScreen=\"true\"><\/iframe><\/p>\n\n<div style=\"font-size: 0px; height: 0px; line-height: 0px; margin: 0; padding: 0; clear: both;\"><\/div>","protected":false},"excerpt":{"rendered":"<p>Ja pse nuk e duan Marin MEMA dhe Elena Kocaqi? Sepse ata flasin t\u00eb v\u00ebrtet\u00ebn p\u00ebr Historin\u00eb, dhe p\u00ebr ndryshimin e emrave n\u00eb Kor\u00e7\u00eb. E dim shum\u00eb&#8230; <\/p>\n","protected":false},"author":1,"featured_media":5670,"comment_status":"open","ping_status":"open","sticky":false,"template":"","format":"standard","meta":{"footnotes":""},"categories":[6],"tags":[],"class_list":["post-5669","post","type-post","status-publish","format-standard","has-post-thumbnail","hentry","category-lajme"],"_links":{"self":[{"href":"https:\/\/new.findnews5.com\/index.php?rest_route=\/wp\/v2\/posts\/5669","targetHints":{"allow":["GET"]}}],"collection":[{"href":"https:\/\/new.findnews5.com\/index.php?rest_route=\/wp\/v2\/posts"}],"about":[{"href":"https:\/\/new.findnews5.com\/index.php?rest_route=\/wp\/v2\/types\/post"}],"author":[{"embeddable":true,"href":"https:\/\/new.findnews5.com\/index.php?rest_route=\/wp\/v2\/users\/1"}],"replies":[{"embeddable":true,"href":"https:\/\/new.findnews5.com\/index.php?rest_route=%2Fwp%2Fv2%2Fcomments&post=5669"}],"version-history":[{"count":0,"href":"https:\/\/new.findnews5.com\/index.php?rest_route=\/wp\/v2\/posts\/5669\/revisions"}],"wp:featuredmedia":[{"embeddable":true,"href":"https:\/\/new.findnews5.com\/index.php?rest_route=\/wp\/v2\/media\/5670"}],"wp:attachment":[{"href":"https:\/\/new.findnews5.com\/index.php?rest_route=%2Fwp%2Fv2%2Fmedia&parent=5669"}],"wp:term":[{"taxonomy":"category","embeddable":true,"href":"https:\/\/new.findnews5.com\/index.php?rest_route=%2Fwp%2Fv2%2Fcategories&post=5669"},{"taxonomy":"post_tag","embeddable":true,"href":"https:\/\/new.findnews5.com\/index.php?rest_route=%2Fwp%2Fv2%2Ftags&post=5669"}],"curies":[{"name":"wp","href":"https:\/\/api.w.org\/{rel}","templated":true}]}}