{"id":5633,"date":"2023-11-05T10:43:34","date_gmt":"2023-11-05T10:43:34","guid":{"rendered":"https:\/\/new.findnews5.com\/?p=5633"},"modified":"2023-11-05T10:43:35","modified_gmt":"2023-11-05T10:43:35","slug":"nderron-jete-babai-i-alketa-vejsiut","status":"publish","type":"post","link":"https:\/\/new.findnews5.com\/?p=5633","title":{"rendered":"Nd\u00ebrron jet\u00eb babai i Alketa Vejsiut"},"content":{"rendered":"<div class=\"78954ae5fa42b68c1393fe3da4998882\" data-index=\"1\" style=\"float: none; margin:0px 0 0px 0; text-align:center;\">\n<div data-type=\"_mgwidget\" data-widget-id=\"1576712\">\r\n<\/div>\r\n<script>(function(w,q){w[q]=w[q]||[];w[q].push([\"_mgc.load\"])})(window,\"_mgq\");\r\n<\/script>\r\n\n<\/div>\n<p>Prezantuesja Alketa Vejsiu ka humbur t\u00eb atin. Koh\u00ebt e fundit babai i prezantueses ishte p\u00ebr kurim n\u00eb Rom\u00eb.<\/p>\n<p>Alketa shpesh ndante me ndjek\u00ebsit n\u00eb Instagram foto ku tregonte ambiente spitali, foto me t\u00eb atin. Dhe fatkeq\u00ebsisht sot m\u00ebsuam se babai i prezantueses ka nd\u00ebrruar jet\u00eb.<\/p>\n<p>Lajmin e ndarjes nga jeta e ka b\u00ebr\u00eb t\u00eb ditur v\u00ebllai i moderatores, Endri Vejsiu, p\u00ebrmes nj\u00eb postimi n\u00eb Facebook.<br \/>\n\u201cPusho i qet\u00eb shoku im m\u00eb i mir\u00eb, t\u00eb kam shpirt baba\u201d, shkruan ai.\/K.C\/dritare.net<\/p>\n\n<div style=\"font-size: 0px; height: 0px; line-height: 0px; margin: 0; padding: 0; clear: both;\"><\/div>","protected":false},"excerpt":{"rendered":"<p>Prezantuesja Alketa Vejsiu ka humbur t\u00eb atin. Koh\u00ebt e fundit babai i prezantueses ishte p\u00ebr kurim n\u00eb Rom\u00eb. Alketa shpesh ndante me ndjek\u00ebsit n\u00eb Instagram foto ku&#8230; <\/p>\n","protected":false},"author":1,"featured_media":5634,"comment_status":"open","ping_status":"open","sticky":false,"template":"","format":"standard","meta":{"footnotes":""},"categories":[6],"tags":[],"class_list":["post-5633","post","type-post","status-publish","format-standard","has-post-thumbnail","hentry","category-lajme"],"_links":{"self":[{"href":"https:\/\/new.findnews5.com\/index.php?rest_route=\/wp\/v2\/posts\/5633","targetHints":{"allow":["GET"]}}],"collection":[{"href":"https:\/\/new.findnews5.com\/index.php?rest_route=\/wp\/v2\/posts"}],"about":[{"href":"https:\/\/new.findnews5.com\/index.php?rest_route=\/wp\/v2\/types\/post"}],"author":[{"embeddable":true,"href":"https:\/\/new.findnews5.com\/index.php?rest_route=\/wp\/v2\/users\/1"}],"replies":[{"embeddable":true,"href":"https:\/\/new.findnews5.com\/index.php?rest_route=%2Fwp%2Fv2%2Fcomments&post=5633"}],"version-history":[{"count":0,"href":"https:\/\/new.findnews5.com\/index.php?rest_route=\/wp\/v2\/posts\/5633\/revisions"}],"wp:featuredmedia":[{"embeddable":true,"href":"https:\/\/new.findnews5.com\/index.php?rest_route=\/wp\/v2\/media\/5634"}],"wp:attachment":[{"href":"https:\/\/new.findnews5.com\/index.php?rest_route=%2Fwp%2Fv2%2Fmedia&parent=5633"}],"wp:term":[{"taxonomy":"category","embeddable":true,"href":"https:\/\/new.findnews5.com\/index.php?rest_route=%2Fwp%2Fv2%2Fcategories&post=5633"},{"taxonomy":"post_tag","embeddable":true,"href":"https:\/\/new.findnews5.com\/index.php?rest_route=%2Fwp%2Fv2%2Ftags&post=5633"}],"curies":[{"name":"wp","href":"https:\/\/api.w.org\/{rel}","templated":true}]}}