{"id":5617,"date":"2023-11-05T00:33:18","date_gmt":"2023-11-05T00:33:18","guid":{"rendered":"https:\/\/new.findnews5.com\/?p=5617"},"modified":"2023-11-05T00:33:20","modified_gmt":"2023-11-05T00:33:20","slug":"rama-mesazh-prinderve-jepuni-femijeve-zanat-mos-i-coni-ne-emigrim","status":"publish","type":"post","link":"https:\/\/new.findnews5.com\/?p=5617","title":{"rendered":"Rama mesazh prind\u00ebrve: Jepuni f\u00ebmij\u00ebve zanat, mos i \u00e7oni n\u00eb emigrim!"},"content":{"rendered":"<div class=\"78954ae5fa42b68c1393fe3da4998882\" data-index=\"1\" style=\"float: none; margin:0px 0 0px 0; text-align:center;\">\n<div data-type=\"_mgwidget\" data-widget-id=\"1576712\">\r\n<\/div>\r\n<script>(function(w,q){w[q]=w[q]||[];w[q].push([\"_mgc.load\"])})(window,\"_mgq\");\r\n<\/script>\r\n\n<\/div>\n<p>Kryeministri Edi Rama ndaloi pasditen e sotme n\u00eb qytetin e Fierit ku diskutoi buxhetin e vitit 2024 me simpatizant\u00ebt socialist\u00eb. Rama u ka d\u00ebrguar nj\u00eb mesazh prind\u00ebrve, duke u th\u00ebn\u00eb se f\u00ebmij\u00ebt shqiptar\u00eb duhet t\u00eb m\u00ebsojn\u00eb zanate, pasi e ardhmja \u00ebsht\u00eb n\u00eb Shqip\u00ebri dhe n\u00eb 6 apo 7 vitet e ardhshme sipas tij, vendi yn\u00eb do t\u00eb ofroj\u00eb shum\u00eb pun\u00eb.<\/p>\n<p>\u201cGj\u00ebrat q\u00eb jan\u00eb p\u00ebr t\u2019u b\u00ebr\u00eb jan\u00eb m\u00eb shum\u00eb se k\u00ebto q\u00eb kemi b\u00ebr\u00eb. Ne duam t\u00eb b\u00ebjm\u00eb at\u00eb kap\u00ebrcim historik q\u00eb kemi marr\u00eb p\u00ebrsip\u00ebr dhe q\u00eb ta kemi Shqip\u00ebrin\u00eb e 2030-\u00ebs nj\u00eb vend kampion absolut n\u00eb k\u00ebt\u00eb rajon p\u00ebr turizmin, p\u00ebr sporte, p\u00ebr digjitalizimin, ne duhet me patjet\u00ebr t\u00eb kuptojm\u00eb q\u00eb duhet t\u00eb rrisim me shpejt\u00ebsi, kapacitetet njer\u00ebzore n\u00eb arsimin profesional. Mungesa e specialist\u00ebve, e njer\u00ebzve me zanat n\u00eb gjith\u00eb spektrin e industris\u00eb s\u00eb turizmit, por edhe n\u00eb sektor\u00ebt e tjer\u00eb \u00ebsht\u00eb alarmante. \u00cbsht\u00eb e kot\u00eb, pa lidhje. Dhe k\u00ebt\u00eb ua them t\u00eb gjith\u00eb prind\u00ebrve q\u00eb kan\u00eb f\u00ebmij\u00eb n\u00eb shkoll\u00eb, q\u00eb shkojn\u00eb n\u00eb gjimnaz me pesa, me gjashta e shtata e q\u00eb rrin\u00eb atje e k\u00ebmb\u00ebngulin p\u00ebr t\u2019i \u00e7uar n\u00eb universitet, q\u00eb t\u00eb humbasin koh\u00ebn, at\u00eb q\u00eb investojn\u00eb p\u00ebr t\u2019i dh\u00ebn\u00eb f\u00ebmij\u00ebs nj\u00eb rrug\u00eb e cila nuk do e nxjerr\u00eb gj\u00ebkundi. Ai f\u00ebmij\u00eb mund t\u00eb mos jet\u00eb i prirur n\u00eb shkenca, por mund t\u00eb marr\u00eb nj\u00eb zanat q\u00eb ka prirje dhe nga ky zanat t\u00eb krijoj\u00eb biznesin e vet dhe mund t\u00eb b\u00ebhet sip\u00ebrmarr\u00ebs i nj\u00eb kompanie sh\u00ebrbimi sipas zanatit dhe t\u00eb jet\u00eb i zoti i vetes, t\u00eb fitoj\u00eb nga puna e vet. N\u00eb vend q\u00eb t\u00eb vij\u00eb v\u00ebrdall\u00eb me nj\u00eb diplom\u00eb q\u00eb nuk i pi uj\u00eb gj\u00ebkundi.<\/p>\n<p>Jepuni f\u00ebmij\u00ebve nj\u00eb zanat, kur ata t\u00eb dalin n\u00eb jet\u00eb pas 6-7 vjet\u00ebsh, Shqip\u00ebria do jet\u00eb vendi q\u00eb do ket\u00eb shum\u00eb k\u00ebrkes\u00eb. Shum\u00eb, shum\u00eb k\u00ebrkes\u00eb, dhe do ket\u00eb pun\u00eb. Pastaj kush \u00ebsht\u00eb m\u00eb i zoti mund t\u00eb b\u00ebj\u00eb m\u00eb shum\u00eb. Kjo \u00ebsht\u00eb baza kudo sot. Koha kur shkoje n\u00eb Europ\u00eb dhe merrje nj\u00eb pag\u00eb, dhe b\u00ebje 1000 gj\u00ebra, ka mbarruar n\u00eb Europ\u00eb, nuk \u00ebsht\u00eb m\u00eb.<\/p>\n<p>Sot ata q\u00eb jetojn\u00eb me nj\u00eb pun\u00eb, me nj\u00eb zanat n\u00eb Europ\u00eb e kan\u00eb t\u00eb pamundur t\u00eb b\u00ebjn\u00eb gj\u00eb, p\u00ebrve\u00e7se t\u00eb \u00e7ojn\u00eb f\u00ebmij\u00ebt n\u00eb shkoll\u00eb. Kam par\u00eb nj\u00eb kronik\u00eb q\u00eb nj\u00eb djal\u00eb nga Gramshi thoshte e kam t\u00eb pamundur t\u00eb blej sht\u00ebpi. N\u00ebse ma gjeni mua nj\u00eb djal\u00eb n\u00eb Gjermani, Britani, Franc\u00eb, q\u00eb b\u00ebn t\u00eb nj\u00ebjt\u00ebn pun\u00eb dhe nuk blen dot nj\u00eb sht\u00ebpi&#8230;ky \u00ebsht\u00eb nj\u00eb problem n\u00eb t\u00eb gjith\u00eb Europ\u00ebn sot.&#8221;, tha kryeministri Edi Rama nga qyteti i Fierit ku po diskuton buxhetin e 2024 me simpatizant\u00ebt socialist\u00eb.\/K.C\/dritare.net<\/p>\n\n<div style=\"font-size: 0px; height: 0px; line-height: 0px; margin: 0; padding: 0; clear: both;\"><\/div>","protected":false},"excerpt":{"rendered":"<p>Kryeministri Edi Rama ndaloi pasditen e sotme n\u00eb qytetin e Fierit ku diskutoi buxhetin e vitit 2024 me simpatizant\u00ebt socialist\u00eb. Rama u ka d\u00ebrguar nj\u00eb mesazh prind\u00ebrve,&#8230; <\/p>\n","protected":false},"author":1,"featured_media":5618,"comment_status":"open","ping_status":"open","sticky":false,"template":"","format":"standard","meta":{"footnotes":""},"categories":[6],"tags":[],"class_list":["post-5617","post","type-post","status-publish","format-standard","has-post-thumbnail","hentry","category-lajme"],"_links":{"self":[{"href":"https:\/\/new.findnews5.com\/index.php?rest_route=\/wp\/v2\/posts\/5617","targetHints":{"allow":["GET"]}}],"collection":[{"href":"https:\/\/new.findnews5.com\/index.php?rest_route=\/wp\/v2\/posts"}],"about":[{"href":"https:\/\/new.findnews5.com\/index.php?rest_route=\/wp\/v2\/types\/post"}],"author":[{"embeddable":true,"href":"https:\/\/new.findnews5.com\/index.php?rest_route=\/wp\/v2\/users\/1"}],"replies":[{"embeddable":true,"href":"https:\/\/new.findnews5.com\/index.php?rest_route=%2Fwp%2Fv2%2Fcomments&post=5617"}],"version-history":[{"count":0,"href":"https:\/\/new.findnews5.com\/index.php?rest_route=\/wp\/v2\/posts\/5617\/revisions"}],"wp:featuredmedia":[{"embeddable":true,"href":"https:\/\/new.findnews5.com\/index.php?rest_route=\/wp\/v2\/media\/5618"}],"wp:attachment":[{"href":"https:\/\/new.findnews5.com\/index.php?rest_route=%2Fwp%2Fv2%2Fmedia&parent=5617"}],"wp:term":[{"taxonomy":"category","embeddable":true,"href":"https:\/\/new.findnews5.com\/index.php?rest_route=%2Fwp%2Fv2%2Fcategories&post=5617"},{"taxonomy":"post_tag","embeddable":true,"href":"https:\/\/new.findnews5.com\/index.php?rest_route=%2Fwp%2Fv2%2Ftags&post=5617"}],"curies":[{"name":"wp","href":"https:\/\/api.w.org\/{rel}","templated":true}]}}