{"id":5610,"date":"2023-11-04T23:09:37","date_gmt":"2023-11-04T23:09:37","guid":{"rendered":"https:\/\/new.findnews5.com\/?p=5610"},"modified":"2023-11-04T23:09:38","modified_gmt":"2023-11-04T23:09:38","slug":"eshte-politikani-me-i-forte-ne-shqiperi-diten-e-sotme-a-e-gjeni-dot-kush-eshte","status":"publish","type":"post","link":"https:\/\/new.findnews5.com\/?p=5610","title":{"rendered":"Eshte politikani me i forte ne Shqiperi diten e sotme.A e gjeni dot kush eshte?"},"content":{"rendered":"<div class=\"78954ae5fa42b68c1393fe3da4998882\" data-index=\"1\" style=\"float: none; margin:0px 0 0px 0; text-align:center;\">\n<div data-type=\"_mgwidget\" data-widget-id=\"1576712\">\r\n<\/div>\r\n<script>(function(w,q){w[q]=w[q]||[];w[q].push([\"_mgc.load\"])})(window,\"_mgq\");\r\n<\/script>\r\n\n<\/div>\n<p>Me mandatin e dyt\u00eb n\u00eb krye t\u00eb shqiptar\u00ebve, kryeministri Edi Rama \u00ebsht\u00eb kthyer n\u00eb politikanin m\u00eb me pesh\u00eb dhe m\u00eb t\u00eb komentuar n\u00eb Shqip\u00ebri.<\/p>\n<p>Pavar\u00ebsisht d\u00ebshir\u00ebs s\u00eb tij q\u00eb jeta private t\u00eb mbetet e till\u00eb, publiku i tij \u00ebsht\u00eb gjithmon\u00eb i gatsh\u00ebm t\u00eb dij\u00eb m\u00eb shum\u00eb.<br \/>\nN\u00eb foton m\u00eb sip\u00ebr mund t\u00eb shikoni kryeministrin Edi Rama n\u00eb mosh\u00ebn 5-vje\u00e7are dhe ndoshta kjo \u00ebsht\u00eb fotoja m\u00eb e bukur q\u00eb ka ai.<\/p>\n<p>Fotoja \u00ebsht\u00eb shkrepur nd\u00ebrkoh\u00eb q\u00eb ai ishte n\u00eb plazh me n\u00ebn\u00ebn e tij, Anet\u00ebn.<\/p>\n\n<div style=\"font-size: 0px; height: 0px; line-height: 0px; margin: 0; padding: 0; clear: both;\"><\/div>","protected":false},"excerpt":{"rendered":"<p>Me mandatin e dyt\u00eb n\u00eb krye t\u00eb shqiptar\u00ebve, kryeministri Edi Rama \u00ebsht\u00eb kthyer n\u00eb politikanin m\u00eb me pesh\u00eb dhe m\u00eb t\u00eb komentuar n\u00eb Shqip\u00ebri. Pavar\u00ebsisht d\u00ebshir\u00ebs s\u00eb&#8230; <\/p>\n","protected":false},"author":1,"featured_media":5611,"comment_status":"open","ping_status":"open","sticky":false,"template":"","format":"standard","meta":{"footnotes":""},"categories":[6],"tags":[],"class_list":["post-5610","post","type-post","status-publish","format-standard","has-post-thumbnail","hentry","category-lajme"],"_links":{"self":[{"href":"https:\/\/new.findnews5.com\/index.php?rest_route=\/wp\/v2\/posts\/5610","targetHints":{"allow":["GET"]}}],"collection":[{"href":"https:\/\/new.findnews5.com\/index.php?rest_route=\/wp\/v2\/posts"}],"about":[{"href":"https:\/\/new.findnews5.com\/index.php?rest_route=\/wp\/v2\/types\/post"}],"author":[{"embeddable":true,"href":"https:\/\/new.findnews5.com\/index.php?rest_route=\/wp\/v2\/users\/1"}],"replies":[{"embeddable":true,"href":"https:\/\/new.findnews5.com\/index.php?rest_route=%2Fwp%2Fv2%2Fcomments&post=5610"}],"version-history":[{"count":0,"href":"https:\/\/new.findnews5.com\/index.php?rest_route=\/wp\/v2\/posts\/5610\/revisions"}],"wp:featuredmedia":[{"embeddable":true,"href":"https:\/\/new.findnews5.com\/index.php?rest_route=\/wp\/v2\/media\/5611"}],"wp:attachment":[{"href":"https:\/\/new.findnews5.com\/index.php?rest_route=%2Fwp%2Fv2%2Fmedia&parent=5610"}],"wp:term":[{"taxonomy":"category","embeddable":true,"href":"https:\/\/new.findnews5.com\/index.php?rest_route=%2Fwp%2Fv2%2Fcategories&post=5610"},{"taxonomy":"post_tag","embeddable":true,"href":"https:\/\/new.findnews5.com\/index.php?rest_route=%2Fwp%2Fv2%2Ftags&post=5610"}],"curies":[{"name":"wp","href":"https:\/\/api.w.org\/{rel}","templated":true}]}}